{"id":22254,"date":"2021-07-12T15:11:34","date_gmt":"2021-07-12T14:11:34","guid":{"rendered":"https:\/\/www.ingartek.com\/sergio-barrena-participara-en-el-congreso-its-espana-que-se-celebrara-del-13-al-15-de-julio\/"},"modified":"2023-02-23T21:48:35","modified_gmt":"2023-02-23T20:48:35","slug":"sergio-barrena-participara-en-el-congreso-its-espana-que-se-celebrara-del-13-al-15-de-julio","status":"publish","type":"post","link":"https:\/\/www.ingartek.com\/eu\/sergio-barrena-participara-en-el-congreso-its-espana-que-se-celebrara-del-13-al-15-de-julio\/","title":{"rendered":"Sergio Barre\u00f1ak uztailaren 13tik 15era ospatuko den ITS Espa\u00f1a kongresuan parte hartuko du"},"content":{"rendered":"<p>Sergio Barre\u00f1ak uztailaren 13tik 15era Madrilen ospatuko den XXI. ITS Espa\u00f1a kongresuan parte hartuko du. Oraingo honetan, kongresuan, ITS-ek Berreskurapen, Eraldaketa eta Erresilientzia Planari egindako ekarpenak jasoko dira.<\/p>\n<p>Kongresua bost bektoretan oinarrituko da: errepideak erabiltzeagatiko ordainketarako ITS, errepideko tunelen kudeaketaren segurtasunerako eta eraginkortasunerako ITS, mugikortasun konektatua, Smart City-ak eta garraio publikoko ordainketaren digitalizazioa.<\/p>\n<p><b>Emisio baxuko eremuak<\/b><\/p>\n<p>Adierazi dugun bezala, <a href=\"https:\/\/www.ingartek.com\/eu\/\" target=\"_blank\" rel=\"noopener\">Ingartekeko<\/a> soziologoa eta kide fundatzailea den <a href=\"https:\/\/www.ingartek.com\/eu\/ingartek\/\" target=\"_blank\" rel=\"noopener\">Sergio Barre\u00f1ak<\/a> kongresuan parte hartuko du <b>emisio baxuko eremuei<\/b> buruz hitz egiteko. Hau da, behar bezala mugatutako eta jarraitutasun geografikoa duten bide publikoen multzoa, ibilgailuen sarbidea, zirkulazioa eta aparkalekua arautzeko neurri bereziak ezartzen dituena, trafikoaren ondoriozko emisio kutsagarriak murrizteko.<\/p>\n<p>Hain zuzen ere, Barre\u00f1ak <b>udalentzako<\/b> laguntza-gida bat azalduko du, udalek emisio baxuko eremuak diseina ditzaten. Barre\u00f1aren aurkezpena uztailaren 14an, asteazkena, izango da.<\/p>\n<p>Barre\u00f1ak informazioa emango du emisio baxuko eremuei buruzko legea betetzeari buruz, bai eta ezaugarri horiek dituen eremu bat ezartzeko jarraitu beharreko urratsei edo horrek izan dezakeen eraginari buruz ere.<\/p>\n<p><b>Hiri-mugikortasun jasangarria<\/b><\/p>\n<p>Biztanleriaren hazkundea handitzen ari da mundu mailan, eta hiri-hazkundearen kudeaketa funtsezkoa da <b>garapen jasangarrirako. <\/b>Horregatik, 2023rako ezinbestekoa izango da 50.000 biztanle baino gehiago dituzten hiriek emisio baxuko eremuak ezartzea. Helburu horri begira, Barre\u00f1ak araudia betetzeko datuak eta jarraitu beharreko urratsak emango ditu.<\/p>\n<p>Emisio baxuko eremuei buruz gehiago jakin nahi baduzu, jar zaitez gurekin <a href=\"https:\/\/www.ingartek.com\/eu\/harremanetarako\/\" target=\"_blank\" rel=\"noopener\">harremanetan<\/a> edo harpidetu zaitez gure <a href=\"https:\/\/ingartek.ipzmarketing.com\/f\/IGmcN_jV514\" target=\"_blank\" rel=\"noopener nofollow\">newsletterrera<\/a>. Laster informazio gehiago emango dizugu emisio baxuko eremuak ezartzeko kontuan hartu beharreko gaiei buruz.<\/p>\n","protected":false},"excerpt":{"rendered":"<p>Sergio Barre\u00f1ak uztailaren 13tik 15era Madrilen ospatuko den XXI. ITS Espa\u00f1a kongresuan parte hartuko du. Oraingo honetan, kongresuan, ITS-ek Berreskurapen, Eraldaketa eta Erresilientzia Planari egindako ekarpenak jasoko dira. Kongresua bost bektoretan oinarrituko da: errepideak erabiltzeagatiko ordainketarako ITS, errepideko tunelen kudeaketaren&#8230;<\/p>\n","protected":false},"author":7,"featured_media":0,"comment_status":"closed","ping_status":"closed","sticky":false,"template":"","format":"standard","meta":{"content-type":"","footnotes":""},"categories":[227,1980],"tags":[1087,1088,569,577,1090,1091,891,823,775,572,1008,547,588,558,928,948,1089],"class_list":["post-22254","post","type-post","status-publish","format-standard","hentry","category-albisteak","category-webinar-eu","tag-ayuntamientos-eu","tag-bajas-emisiones-eu","tag-congreso-its-espana-eu","tag-desarrollo-sostenible-eu","tag-emisio-baxuko-eremuak","tag-garapen-iraunkorra","tag-garapen-jasangarria","tag-hiri-mugikortasun-iraunkorra","tag-hiri-mugikortasun-jasangarria","tag-its-eu","tag-its-espana-eu","tag-movilidad-urbana-sostenible-eu","tag-sergio-barrena-eu","tag-trafico-eu","tag-trafikoa","tag-udalak","tag-zonas-de-bajas-emisiones-eu"],"_links":{"self":[{"href":"https:\/\/www.ingartek.com\/eu\/wp-json\/wp\/v2\/posts\/22254","targetHints":{"allow":["GET"]}}],"collection":[{"href":"https:\/\/www.ingartek.com\/eu\/wp-json\/wp\/v2\/posts"}],"about":[{"href":"https:\/\/www.ingartek.com\/eu\/wp-json\/wp\/v2\/types\/post"}],"author":[{"embeddable":true,"href":"https:\/\/www.ingartek.com\/eu\/wp-json\/wp\/v2\/users\/7"}],"replies":[{"embeddable":true,"href":"https:\/\/www.ingartek.com\/eu\/wp-json\/wp\/v2\/comments?post=22254"}],"version-history":[{"count":0,"href":"https:\/\/www.ingartek.com\/eu\/wp-json\/wp\/v2\/posts\/22254\/revisions"}],"wp:attachment":[{"href":"https:\/\/www.ingartek.com\/eu\/wp-json\/wp\/v2\/media?parent=22254"}],"wp:term":[{"taxonomy":"category","embeddable":true,"href":"https:\/\/www.ingartek.com\/eu\/wp-json\/wp\/v2\/categories?post=22254"},{"taxonomy":"post_tag","embeddable":true,"href":"https:\/\/www.ingartek.com\/eu\/wp-json\/wp\/v2\/tags?post=22254"}],"curies":[{"name":"wp","href":"https:\/\/api.w.org\/{rel}","templated":true}]}}