{"id":20163,"date":"2018-11-07T09:00:44","date_gmt":"2018-11-07T07:00:44","guid":{"rendered":"https:\/\/www.ingartek.com\/ordenacion-y-rehabilitacion-urbana-de-las-palmas-de-gran-canaria\/"},"modified":"2023-02-23T21:50:40","modified_gmt":"2023-02-23T20:50:40","slug":"ordenacion-y-rehabilitacion-urbana-de-las-palmas-de-gran-canaria","status":"publish","type":"post","link":"https:\/\/www.ingartek.com\/eu\/ordenacion-y-rehabilitacion-urbana-de-las-palmas-de-gran-canaria\/","title":{"rendered":"Canaria Handiko Las Palmaseko hiri-antolaketa eta zaharberritzea"},"content":{"rendered":"<p>2018ko azaroaren 13tik abenduaren 14ra, Canaria Handiko Las Palmaseko Udalaren Hirigintza eta Etxebizitza Arloak ate irekietako jardunaldi batzuk antolatu ditu, non lehen mailako adituek zein tokiko bizilagunek hartu duten parte.<b> Canaria Handiko Las Palmas udalerriaren hiri-antolaketa eta zaharberritzea harkaitzei dagokienez. <\/b><\/p>\n<p><b>Zer sartzen da harkaitzen inguruko Canaria Handiko Las Palmas udalerriaren hiri-antolaketan eta zaharberritzean<\/b><b>? <\/b><\/p>\n<p>Orain, Canaria Handiko Las Palmaseko Udalak jardunaldi horien ondorioak plazaratu ditu. Hortik atera da <b>bizilagunek hirian irisgarritasun hobea nahi dutela gune publiko berriak sortzeko eta oinarrizko zerbitzuak berritzeko. <\/b><\/p>\n<p>Udalak dio bere asmoa dela Canaria Handiko Las Palmas udalerriko hiri-antolaketa eta zaharberritzea gauzatzeko unea iristen denean harkaitzekin lotutako puntu horiek guztiak sartzea.<\/p>\n<p>Hirigintzako zinegotziak, Javier Doreste, azaldu zituen aipatu berri ditugun puntuak. 2018ko azken asteetan izandako jardunaldien inguruko txostenaren aurkezpenean izan zen, Barrios Pendientes izenekoak, alegia.<\/p>\n<p>Azaldutakoaz gain, harkaitzen hiri-plangintzaren barruan, horiek hiriaren barruan sartu behar dira, ingurumenaren kalitatea hobetu eta auzoetako kultura eta natura ondarea berreskuratzea beharrezkoa da.<\/p>\n<p><b>Bizilagunek euren auzoetan burututako hiri-zaharberritze estrategietan esku hartzea zein garrantzitsua den <\/b>nabarmendu dute. Baina kontuan izanik bizilagunek izan ditzaketen arazoen edo beharren aurrean erakundeek bizkorrago erantzun beharko dutela.<\/p>\n<p>Egin behar diren azterketa batzuk bukatutakoan, <b>harkaitzak zaharberritzeko hirigintza planak diseinatuko dira.<\/b> Aipaturiko jardunaldietan Elsa Guerra arkitektoak, Anca arkitektura estudiokoa, <a href=\"https:\/\/www.ingartek.com\/eu\/ingartek\/#equipo\" target=\"_blank\" rel=\"noopener noreferrer\">Sergio Barre\u00f1ak<\/a>, <a style=\"background-color: transparent;color: #0066cc;quot;quot;quot;quot;,times,serif;font-size: 16px;font-style: normal;font-variant: normal;font-weight: 400;letter-spacing: normal;line-height: 24px;max-width: none;min-height: 0px;text-align: left;text-decoration: underline;text-indent: 0px;text-transform: none;margin: 0px\" href=\"https:\/\/www.ingartek.com\/eu\/\" target=\"_blank\" rel=\"noopener noreferrer\">Ingartek<\/a> <a href=\"https:\/\/www.ingartek.com\/eu\/mugikortasuneko-eta-garraioko-plan-estrategikoak\/\" target=\"_blank\" rel=\"noopener noreferrer\">hiri-mugikortasun<\/a> eta mugikortasun bertikaleko aholkularitza espezializatuko soziologoa, Rub\u00e9n Lois Gonz\u00e1lezek, Geografian katedraduna Santiago de Compostelako Unibertsitatean eta Mar\u00eda Jos\u00e9 Pi\u00f1eira Marti\u00f1\u00e1nek, Geografia doktorea Santiago de Compostelako Unibertsitatean, hartuko dute parte.<\/p>\n<p>Harkaitzen etorkizunari lotuta, Canaria Handiko Las Palmasen hiri-antolaketa eta zaharberritzea ebaluatzen jarraituko dute.<\/p>\n<p>&nbsp;<\/p>\n<p>Lotutako albisteak:<\/p>\n<ul>\n<li>\u201cHarkaitzen zaharberritzea eztabaidatuko da\u201d (<a href=\"https:\/\/www.laprovincia.es\/las-palmas\/2018\/11\/07\/debate-rehabilitacion-riscos\/1115056.html\" target=\"_blank\" rel=\"noopener noreferrer nofollow\">laprovincia.es<\/a>)<\/li>\n<li>\u201cHiriko harkaitzen zaharberritzearen inguruan bizilagunekin egindako diagnosiaren ondorioak aurkeztu ditu Udalak\u201d (<a href=\"https:\/\/www.que.es\/ciudades\/canarias\/las-palmas-dem-g-c-el-ayuntamiento-presenta-las-conclusiones-del-diagnostico-elaborado-con-los-vecinos-de-rehabilitacion-de-los-riscos-de-la-ciudad.html\" target=\"_blank\" rel=\"noopener noreferrer nofollow\">que.es<\/a>)<\/li>\n<\/ul>\n<p>&nbsp;<\/p>\n<p>&nbsp;<\/p>\n","protected":false},"excerpt":{"rendered":"<p>2018ko azaroaren 13tik abenduaren 14ra, Canaria Handiko Las Palmaseko Udalaren Hirigintza eta Etxebizitza Arloak ate irekietako jardunaldi batzuk antolatu ditu, non lehen mailako adituek zein tokiko bizilagunek hartu duten parte. Canaria Handiko Las Palmas udalerriaren hiri-antolaketa eta zaharberritzea harkaitzei dagokienez&#8230;.<\/p>\n","protected":false},"author":7,"featured_media":0,"comment_status":"open","ping_status":"open","sticky":false,"template":"","format":"standard","meta":{"content-type":"","footnotes":""},"categories":[227],"tags":[593,228,241,594,546,595,533,548],"class_list":["post-20163","post","type-post","status-publish","format-standard","hentry","category-albisteak","tag-accesibilidad-urbana-eu","tag-ingartek-eu","tag-ingartek-consulting-eu","tag-las-palmas-de-gran-canaria-eu","tag-movilidad-urbana-eu","tag-movilidad-vertical-eu","tag-planificacion-urbana-eu","tag-regeneracion-urbana-eu"],"_links":{"self":[{"href":"https:\/\/www.ingartek.com\/eu\/wp-json\/wp\/v2\/posts\/20163","targetHints":{"allow":["GET"]}}],"collection":[{"href":"https:\/\/www.ingartek.com\/eu\/wp-json\/wp\/v2\/posts"}],"about":[{"href":"https:\/\/www.ingartek.com\/eu\/wp-json\/wp\/v2\/types\/post"}],"author":[{"embeddable":true,"href":"https:\/\/www.ingartek.com\/eu\/wp-json\/wp\/v2\/users\/7"}],"replies":[{"embeddable":true,"href":"https:\/\/www.ingartek.com\/eu\/wp-json\/wp\/v2\/comments?post=20163"}],"version-history":[{"count":0,"href":"https:\/\/www.ingartek.com\/eu\/wp-json\/wp\/v2\/posts\/20163\/revisions"}],"wp:attachment":[{"href":"https:\/\/www.ingartek.com\/eu\/wp-json\/wp\/v2\/media?parent=20163"}],"wp:term":[{"taxonomy":"category","embeddable":true,"href":"https:\/\/www.ingartek.com\/eu\/wp-json\/wp\/v2\/categories?post=20163"},{"taxonomy":"post_tag","embeddable":true,"href":"https:\/\/www.ingartek.com\/eu\/wp-json\/wp\/v2\/tags?post=20163"}],"curies":[{"name":"wp","href":"https:\/\/api.w.org\/{rel}","templated":true}]}}