{"id":33657,"date":"2026-03-04T14:26:40","date_gmt":"2026-03-04T13:26:40","guid":{"rendered":"https:\/\/www.ingartek.com\/?p=33657"},"modified":"2026-03-10T14:23:40","modified_gmt":"2026-03-10T13:23:40","slug":"el-transporte-colectivo-de-trabajadores-como-solucion-para-mejorar-la-movilidad-laboral","status":"publish","type":"post","link":"https:\/\/www.ingartek.com\/es\/el-transporte-colectivo-de-trabajadores-como-solucion-para-mejorar-la-movilidad-laboral\/","title":{"rendered":"El transporte colectivo de trabajadores como soluci\u00f3n para mejorar la movilidad laboral"},"content":{"rendered":"<div class=\"text-base my-auto mx-auto [--thread-content-margin:var(--thread-content-margin-xs,calc(var(--spacing)*4))] @w-sm\/main:[--thread-content-margin:var(--thread-content-margin-sm,calc(var(--spacing)*6))] @w-lg\/main:[--thread-content-margin:var(--thread-content-margin-lg,calc(var(--spacing)*16))] px-(--thread-content-margin)\">\n<div class=\"[--thread-content-max-width:40rem] @w-lg\/main:[--thread-content-max-width:48rem] mx-auto max-w-(--thread-content-max-width) flex-1 group\/turn-messages focus-visible:outline-hidden relative flex w-full min-w-0 flex-col agent-turn\" tabindex=\"-1\">\n<div class=\"flex max-w-full flex-col gap-4 grow\">\n<div class=\"min-h-8 text-message relative flex w-full flex-col items-end gap-2 text-start break-words whitespace-normal [.text-message+&amp;]:mt-1\" dir=\"auto\" data-message-author-role=\"assistant\" data-message-id=\"eb7619e7-93ab-453a-866d-96aba75982d3\" data-message-model-slug=\"gpt-5-3\">\n<div class=\"flex w-full flex-col gap-1 empty:hidden\">\n<div class=\"markdown prose dark:prose-invert w-full wrap-break-word light markdown-new-styling\">\n<p data-start=\"40\" data-end=\"503\">El <strong data-start=\"43\" data-end=\"83\">transporte colectivo de trabajadores<\/strong> es una de las soluciones m\u00e1s eficaces para mejorar la movilidad en los desplazamientos al trabajo, especialmente en entornos industriales, pol\u00edgonos empresariales o centros de actividad con gran concentraci\u00f3n de empleo. Este modelo de transporte permite organizar desplazamientos compartidos entre personas trabajadoras, reduciendo la dependencia del veh\u00edculo privado y optimizando el uso de los recursos de transporte.<\/p>\n<p data-start=\"505\" data-end=\"843\">En muchos casos, los centros de trabajo se localizan en zonas con acceso limitado al transporte p\u00fablico o alejadas de los n\u00facleos urbanos. Esto provoca que gran parte de la plantilla dependa del coche para desplazarse diariamente, generando congesti\u00f3n en los accesos, problemas de aparcamiento y un aumento de las emisiones contaminantes.<\/p>\n<p data-start=\"845\" data-end=\"1042\">En este contexto, el transporte colectivo de trabajadores se presenta como una alternativa eficiente para facilitar el acceso al empleo y mejorar la sostenibilidad de los desplazamientos laborales.<\/p>\n<h2 data-section-id=\"1h4u6ky\" data-start=\"1044\" data-end=\"1093\">Qu\u00e9 es el transporte colectivo de trabajadores<\/h2>\n<p data-start=\"1095\" data-end=\"1346\">El transporte colectivo de trabajadores consiste en la organizaci\u00f3n de <strong data-start=\"1166\" data-end=\"1204\">servicios de transporte compartido<\/strong> destinados espec\u00edficamente a trasladar a las personas empleadas entre sus lugares de residencia o puntos de encuentro y el centro de trabajo.<\/p>\n<p data-start=\"1348\" data-end=\"1409\">Este servicio puede adoptar diferentes formatos, entre ellos:<\/p>\n<ul data-start=\"1411\" data-end=\"1752\">\n<li data-section-id=\"6ymc7d\" data-start=\"1411\" data-end=\"1498\">\n<p data-start=\"1413\" data-end=\"1498\">Autobuses de empresa que conectan <strong data-start=\"1447\" data-end=\"1495\">zonas residenciales con el centro de trabajo<\/strong>.<\/p>\n<\/li>\n<li data-section-id=\"evj6ej\" data-start=\"1499\" data-end=\"1583\">\n<p data-start=\"1501\" data-end=\"1583\">Rutas de transporte colectivo desde <strong data-start=\"1537\" data-end=\"1580\">estaciones de tren o transporte p\u00fablico<\/strong>.<\/p>\n<\/li>\n<li data-section-id=\"gf1nej\" data-start=\"1584\" data-end=\"1663\">\n<p data-start=\"1586\" data-end=\"1663\">Servicios lanzadera entre <strong data-start=\"1612\" data-end=\"1660\">pol\u00edgonos industriales y nodos de transporte<\/strong>.<\/p>\n<\/li>\n<li data-section-id=\"12pu9r6\" data-start=\"1664\" data-end=\"1752\">\n<p data-start=\"1666\" data-end=\"1752\">Sistemas compartidos entre <strong data-start=\"1693\" data-end=\"1751\">varias empresas ubicadas en una misma \u00e1rea empresarial<\/strong>.<\/p>\n<\/li>\n<\/ul>\n<p data-start=\"1754\" data-end=\"1884\">Este tipo de soluciones resulta especialmente \u00fatil cuando existe una elevada concentraci\u00f3n de trabajadores con horarios similares.<\/p>\n<h2 data-section-id=\"1ido6pp\" data-start=\"1886\" data-end=\"1943\">Ventajas del transporte colectivo en el \u00e1mbito laboral<\/h2>\n<p data-start=\"1945\" data-end=\"2105\">La implantaci\u00f3n de sistemas de transporte colectivo de trabajadores puede generar m\u00faltiples beneficios tanto para las empresas como para las personas empleadas.<\/p>\n<p data-start=\"2107\" data-end=\"2146\">Entre los m\u00e1s destacados se encuentran:<\/p>\n<ul data-start=\"2148\" data-end=\"2500\">\n<li data-section-id=\"2jxyco\" data-start=\"2148\" data-end=\"2228\">\n<p data-start=\"2150\" data-end=\"2228\">Reducci\u00f3n del <strong data-start=\"2164\" data-end=\"2192\">uso del veh\u00edculo privado<\/strong> en los desplazamientos laborales.<\/p>\n<\/li>\n<li data-section-id=\"1kfm2n0\" data-start=\"2229\" data-end=\"2306\">\n<p data-start=\"2231\" data-end=\"2306\">Disminuci\u00f3n de la <strong data-start=\"2249\" data-end=\"2303\">congesti\u00f3n en los accesos a los centros de trabajo<\/strong>.<\/p>\n<\/li>\n<li data-section-id=\"e7k5q2\" data-start=\"2307\" data-end=\"2355\">\n<p data-start=\"2309\" data-end=\"2355\">Menor <strong data-start=\"2315\" data-end=\"2352\">demanda de plazas de aparcamiento<\/strong>.<\/p>\n<\/li>\n<li data-section-id=\"blnjg5\" data-start=\"2356\" data-end=\"2422\">\n<p data-start=\"2358\" data-end=\"2422\">Reducci\u00f3n de <strong data-start=\"2371\" data-end=\"2398\">emisiones contaminantes<\/strong> y consumo energ\u00e9tico.<\/p>\n<\/li>\n<li data-section-id=\"vyp8hr\" data-start=\"2423\" data-end=\"2500\">\n<p data-start=\"2425\" data-end=\"2500\">Mejora de la <strong data-start=\"2438\" data-end=\"2465\">accesibilidad al empleo<\/strong> para personas sin veh\u00edculo propio.<\/p>\n<\/li>\n<\/ul>\n<p data-start=\"2502\" data-end=\"2653\">Adem\u00e1s, este tipo de servicios puede contribuir a mejorar el bienestar de la plantilla al ofrecer alternativas de desplazamiento m\u00e1s c\u00f3modas y seguras.<\/p>\n<h2 data-section-id=\"1yd2e20\" data-start=\"2655\" data-end=\"2712\">Una medida clave en los planes de movilidad al trabajo<\/h2>\n<p data-start=\"2714\" data-end=\"3061\">El transporte colectivo de trabajadores es una de las medidas que con mayor frecuencia se incluyen dentro de los <strong data-start=\"2827\" data-end=\"2879\">Planes de Movilidad Sostenible al Trabajo (PMST)<\/strong>. A partir del an\u00e1lisis de los patrones de desplazamiento de la plantilla, es posible identificar rutas potenciales, puntos de recogida y horarios que permitan optimizar el servicio.<\/p>\n<p data-start=\"3063\" data-end=\"3250\">En muchos casos, la colaboraci\u00f3n entre empresas ubicadas en una misma zona o la coordinaci\u00f3n con administraciones p\u00fablicas puede facilitar la puesta en marcha de este tipo de iniciativas.<\/p>\n<p data-start=\"3252\" data-end=\"3488\" data-is-last-node=\"\" data-is-only-node=\"\">Impulsar el transporte colectivo en el \u00e1mbito laboral contribuye a mejorar la eficiencia del sistema de movilidad, reducir el impacto ambiental de los desplazamientos y avanzar hacia modelos de transporte m\u00e1s sostenibles y equilibrados.<\/p>\n<\/div>\n<\/div>\n<\/div>\n<\/div>\n<\/div>\n<\/div>\n","protected":false},"excerpt":{"rendered":"<p>El transporte colectivo de trabajadores es una de las soluciones m\u00e1s eficaces para mejorar la movilidad en los desplazamientos al trabajo, especialmente en entornos industriales, pol\u00edgonos empresariales o centros de actividad con gran concentraci\u00f3n de empleo. Este modelo de transporte&#8230;<\/p>\n","protected":false},"author":2,"featured_media":0,"comment_status":"closed","ping_status":"open","sticky":false,"template":"","format":"standard","meta":{"content-type":"","footnotes":""},"categories":[124,1],"tags":[],"class_list":["post-33657","post","type-post","status-publish","format-standard","hentry","category-noticias","category-sin-categorizar"],"_links":{"self":[{"href":"https:\/\/www.ingartek.com\/es\/wp-json\/wp\/v2\/posts\/33657","targetHints":{"allow":["GET"]}}],"collection":[{"href":"https:\/\/www.ingartek.com\/es\/wp-json\/wp\/v2\/posts"}],"about":[{"href":"https:\/\/www.ingartek.com\/es\/wp-json\/wp\/v2\/types\/post"}],"author":[{"embeddable":true,"href":"https:\/\/www.ingartek.com\/es\/wp-json\/wp\/v2\/users\/2"}],"replies":[{"embeddable":true,"href":"https:\/\/www.ingartek.com\/es\/wp-json\/wp\/v2\/comments?post=33657"}],"version-history":[{"count":1,"href":"https:\/\/www.ingartek.com\/es\/wp-json\/wp\/v2\/posts\/33657\/revisions"}],"predecessor-version":[{"id":33658,"href":"https:\/\/www.ingartek.com\/es\/wp-json\/wp\/v2\/posts\/33657\/revisions\/33658"}],"wp:attachment":[{"href":"https:\/\/www.ingartek.com\/es\/wp-json\/wp\/v2\/media?parent=33657"}],"wp:term":[{"taxonomy":"category","embeddable":true,"href":"https:\/\/www.ingartek.com\/es\/wp-json\/wp\/v2\/categories?post=33657"},{"taxonomy":"post_tag","embeddable":true,"href":"https:\/\/www.ingartek.com\/es\/wp-json\/wp\/v2\/tags?post=33657"}],"curies":[{"name":"wp","href":"https:\/\/api.w.org\/{rel}","templated":true}]}}