{"id":33654,"date":"2026-02-14T14:21:12","date_gmt":"2026-02-14T13:21:12","guid":{"rendered":"https:\/\/www.ingartek.com\/?p=33654"},"modified":"2026-03-09T14:23:03","modified_gmt":"2026-03-09T13:23:03","slug":"movilidad-eficiente-en-empresas","status":"publish","type":"post","link":"https:\/\/www.ingartek.com\/es\/movilidad-eficiente-en-empresas\/","title":{"rendered":"Movilidad eficiente en empresas"},"content":{"rendered":"<p data-start=\"35\" data-end=\"454\">La movilidad asociada a la actividad empresarial es un factor cada vez m\u00e1s relevante en la planificaci\u00f3n del transporte y en las estrategias de sostenibilidad de las organizaciones. Los desplazamientos diarios de las personas trabajadoras, as\u00ed como los viajes profesionales que se realizan durante la jornada laboral, generan impactos significativos en t\u00e9rminos de tr\u00e1fico, consumo energ\u00e9tico y emisiones contaminantes.<\/p>\n<p data-start=\"456\" data-end=\"793\">Avanzar hacia una <strong data-start=\"492\" data-end=\"531\">movilidad eficiente en las empresas<\/strong> se ha convertido en una prioridad para muchas organizaciones. Gestionar adecuadamente los desplazamientos laborales permite optimizar recursos, mejorar la accesibilidad a los centros de trabajo y reducir el impacto ambiental asociado a la actividad empresarial.<\/p>\n<p data-start=\"795\" data-end=\"1037\">Adem\u00e1s, el impulso de pol\u00edticas p\u00fablicas orientadas a la movilidad sostenible y la creciente preocupaci\u00f3n por la reducci\u00f3n de emisiones est\u00e1n llevando a las empresas a adoptar nuevas estrategias para mejorar la gesti\u00f3n de sus desplazamientos.<\/p>\n<h2 data-section-id=\"1c4j9fd\" data-start=\"1039\" data-end=\"1091\">Qu\u00e9 implica una movilidad eficiente en la empresa<\/h2>\n<p data-start=\"1093\" data-end=\"1275\">La movilidad empresarial no se limita \u00fanicamente a los desplazamientos al centro de trabajo. Tambi\u00e9n incluye otros movimientos vinculados a la actividad diaria de las organizaciones.<\/p>\n<p data-start=\"1277\" data-end=\"1303\">Entre ellos se encuentran:<\/p>\n<ul data-start=\"1305\" data-end=\"1585\">\n<li data-section-id=\"1e2x98r\" data-start=\"1305\" data-end=\"1383\">\n<p data-start=\"1307\" data-end=\"1383\">Los <strong data-start=\"1311\" data-end=\"1354\">desplazamientos diarios de la plantilla<\/strong> hacia el lugar de trabajo.<\/p>\n<\/li>\n<li data-section-id=\"19fat6w\" data-start=\"1384\" data-end=\"1444\">\n<p data-start=\"1386\" data-end=\"1444\">Los <strong data-start=\"1390\" data-end=\"1441\">viajes profesionales durante la jornada laboral<\/strong>.<\/p>\n<\/li>\n<li data-section-id=\"xmjaq4\" data-start=\"1445\" data-end=\"1499\">\n<p data-start=\"1447\" data-end=\"1499\">La gesti\u00f3n de <strong data-start=\"1461\" data-end=\"1496\">veh\u00edculos o flotas corporativas<\/strong>.<\/p>\n<\/li>\n<li data-section-id=\"1ssry94\" data-start=\"1500\" data-end=\"1585\">\n<p data-start=\"1502\" data-end=\"1585\">Los desplazamientos relacionados con <strong data-start=\"1539\" data-end=\"1584\">reuniones, visitas o actividades externas<\/strong>.<\/p>\n<\/li>\n<\/ul>\n<p data-start=\"1587\" data-end=\"1717\">Analizar estos patrones de movilidad permite identificar oportunidades para optimizar los desplazamientos y mejorar su eficiencia.<\/p>\n<h2 data-section-id=\"4thc2f\" data-start=\"1719\" data-end=\"1771\">Medidas para mejorar la movilidad en las empresas<\/h2>\n<p data-start=\"1773\" data-end=\"1926\">Cada vez m\u00e1s organizaciones est\u00e1n incorporando medidas espec\u00edficas para mejorar la movilidad de su plantilla y reducir el impacto de los desplazamientos.<\/p>\n<p data-start=\"1928\" data-end=\"1979\">Algunas de las actuaciones m\u00e1s habituales incluyen:<\/p>\n<ul data-start=\"1981\" data-end=\"2359\">\n<li data-section-id=\"f46m1x\" data-start=\"1981\" data-end=\"2062\">\n<p data-start=\"1983\" data-end=\"2062\">Fomento del <strong data-start=\"1995\" data-end=\"2025\">uso del transporte p\u00fablico<\/strong> para acceder al centro de trabajo.<\/p>\n<\/li>\n<li data-section-id=\"b3q38f\" data-start=\"2063\" data-end=\"2120\">\n<p data-start=\"2065\" data-end=\"2120\">Programas de <strong data-start=\"2078\" data-end=\"2117\">coche compartido entre trabajadores<\/strong>.<\/p>\n<\/li>\n<li data-section-id=\"rg6ii8\" data-start=\"2121\" data-end=\"2203\">\n<p data-start=\"2123\" data-end=\"2203\">Promoci\u00f3n de la <strong data-start=\"2139\" data-end=\"2159\">movilidad activa<\/strong>, como caminar o desplazarse en bicicleta.<\/p>\n<\/li>\n<li data-section-id=\"1ufg1jl\" data-start=\"2204\" data-end=\"2281\">\n<p data-start=\"2206\" data-end=\"2281\">Implantaci\u00f3n de <strong data-start=\"2222\" data-end=\"2260\">teletrabajo o flexibilidad horaria<\/strong> cuando es posible.<\/p>\n<\/li>\n<li data-section-id=\"q63vwx\" data-start=\"2282\" data-end=\"2359\">\n<p data-start=\"2284\" data-end=\"2359\">Optimizaci\u00f3n o electrificaci\u00f3n de las <strong data-start=\"2322\" data-end=\"2358\">flotas de veh\u00edculos corporativos<\/strong>.<\/p>\n<\/li>\n<\/ul>\n<p data-start=\"2361\" data-end=\"2509\">Estas medidas suelen integrarse dentro de estrategias m\u00e1s amplias de gesti\u00f3n de la movilidad o en los <strong data-start=\"2463\" data-end=\"2508\">Planes de Movilidad Sostenible al Trabajo (PMST)<\/strong>.<\/p>\n<h2 data-section-id=\"9fztvn\" data-start=\"2511\" data-end=\"2563\">Beneficios de una movilidad empresarial eficiente<\/h2>\n<p data-start=\"2565\" data-end=\"2708\">Impulsar una movilidad m\u00e1s eficiente dentro de las organizaciones puede generar beneficios tanto para las empresas como para el entorno urbano.<\/p>\n<p data-start=\"2710\" data-end=\"2749\">Entre los m\u00e1s destacados se encuentran:<\/p>\n<ul data-start=\"2751\" data-end=\"3040\">\n<li data-section-id=\"2rqr4m\" data-start=\"2751\" data-end=\"2828\">\n<p data-start=\"2753\" data-end=\"2828\">Reducci\u00f3n de <strong data-start=\"2766\" data-end=\"2793\">emisiones contaminantes<\/strong> y mejora de la calidad del aire.<\/p>\n<\/li>\n<li data-section-id=\"u3zbel\" data-start=\"2829\" data-end=\"2894\">\n<p data-start=\"2831\" data-end=\"2894\">Menor <strong data-start=\"2837\" data-end=\"2891\">congesti\u00f3n en los accesos a los centros de trabajo<\/strong>.<\/p>\n<\/li>\n<li data-section-id=\"1s78v64\" data-start=\"2895\" data-end=\"2962\">\n<p data-start=\"2897\" data-end=\"2962\">Optimizaci\u00f3n de los <strong data-start=\"2917\" data-end=\"2959\">costes asociados a los desplazamientos<\/strong>.<\/p>\n<\/li>\n<li data-section-id=\"134tbge\" data-start=\"2963\" data-end=\"3040\">\n<p data-start=\"2965\" data-end=\"3040\">Mejora del <strong data-start=\"2976\" data-end=\"3039\">bienestar y la accesibilidad para las personas trabajadoras<\/strong>.<\/p>\n<\/li>\n<\/ul>\n<p data-start=\"3042\" data-end=\"3313\" data-is-last-node=\"\" data-is-only-node=\"\">En definitiva, apostar por una movilidad eficiente en las empresas permite avanzar hacia modelos de transporte m\u00e1s sostenibles, mejorar la organizaci\u00f3n de los desplazamientos laborales y contribuir a un uso m\u00e1s racional de las infraestructuras y los recursos disponibles.<\/p>\n","protected":false},"excerpt":{"rendered":"<p>La movilidad asociada a la actividad empresarial es un factor cada vez m\u00e1s relevante en la planificaci\u00f3n del transporte y en las estrategias de sostenibilidad de las organizaciones. Los desplazamientos diarios de las personas trabajadoras, as\u00ed como los viajes profesionales&#8230;<\/p>\n","protected":false},"author":2,"featured_media":0,"comment_status":"closed","ping_status":"open","sticky":false,"template":"","format":"standard","meta":{"content-type":"","footnotes":""},"categories":[124,1],"tags":[],"class_list":["post-33654","post","type-post","status-publish","format-standard","hentry","category-noticias","category-sin-categorizar"],"_links":{"self":[{"href":"https:\/\/www.ingartek.com\/es\/wp-json\/wp\/v2\/posts\/33654","targetHints":{"allow":["GET"]}}],"collection":[{"href":"https:\/\/www.ingartek.com\/es\/wp-json\/wp\/v2\/posts"}],"about":[{"href":"https:\/\/www.ingartek.com\/es\/wp-json\/wp\/v2\/types\/post"}],"author":[{"embeddable":true,"href":"https:\/\/www.ingartek.com\/es\/wp-json\/wp\/v2\/users\/2"}],"replies":[{"embeddable":true,"href":"https:\/\/www.ingartek.com\/es\/wp-json\/wp\/v2\/comments?post=33654"}],"version-history":[{"count":2,"href":"https:\/\/www.ingartek.com\/es\/wp-json\/wp\/v2\/posts\/33654\/revisions"}],"predecessor-version":[{"id":33656,"href":"https:\/\/www.ingartek.com\/es\/wp-json\/wp\/v2\/posts\/33654\/revisions\/33656"}],"wp:attachment":[{"href":"https:\/\/www.ingartek.com\/es\/wp-json\/wp\/v2\/media?parent=33654"}],"wp:term":[{"taxonomy":"category","embeddable":true,"href":"https:\/\/www.ingartek.com\/es\/wp-json\/wp\/v2\/categories?post=33654"},{"taxonomy":"post_tag","embeddable":true,"href":"https:\/\/www.ingartek.com\/es\/wp-json\/wp\/v2\/tags?post=33654"}],"curies":[{"name":"wp","href":"https:\/\/api.w.org\/{rel}","templated":true}]}}