{"id":33651,"date":"2026-02-06T14:17:31","date_gmt":"2026-02-06T13:17:31","guid":{"rendered":"https:\/\/www.ingartek.com\/?p=33651"},"modified":"2026-03-09T14:24:11","modified_gmt":"2026-03-09T13:24:11","slug":"estrategias-para-una-gestion-mas-eficiente-de-la-movilidad-corporativa","status":"publish","type":"post","link":"https:\/\/www.ingartek.com\/es\/estrategias-para-una-gestion-mas-eficiente-de-la-movilidad-corporativa\/","title":{"rendered":"Estrategias para una gesti\u00f3n m\u00e1s eficiente de la movilidad corporativa"},"content":{"rendered":"<div class=\"flex flex-col text-sm pb-25\">\n<article class=\"text-token-text-primary w-full focus:outline-none [--shadow-height:45px] has-data-writing-block:pointer-events-none has-data-writing-block:-mt-(--shadow-height) has-data-writing-block:pt-(--shadow-height) [&amp;:has([data-writing-block])&gt;*]:pointer-events-auto scroll-mt-[calc(var(--header-height)+min(200px,max(70px,20svh)))]\" dir=\"auto\" tabindex=\"-1\" data-turn-id=\"request-WEB:842d011b-a0da-406a-9a7f-51b19d2b2424-6\" data-testid=\"conversation-turn-14\" data-scroll-anchor=\"true\" data-turn=\"assistant\">\n<div class=\"text-base my-auto mx-auto pb-10 [--thread-content-margin:var(--thread-content-margin-xs,calc(var(--spacing)*4))] @w-sm\/main:[--thread-content-margin:var(--thread-content-margin-sm,calc(var(--spacing)*6))] @w-lg\/main:[--thread-content-margin:var(--thread-content-margin-lg,calc(var(--spacing)*16))] px-(--thread-content-margin)\">\n<div class=\"[--thread-content-max-width:40rem] @w-lg\/main:[--thread-content-max-width:48rem] mx-auto max-w-(--thread-content-max-width) flex-1 group\/turn-messages focus-visible:outline-hidden relative flex w-full min-w-0 flex-col agent-turn\" tabindex=\"-1\">\n<div class=\"flex max-w-full flex-col gap-4 grow\">\n<div class=\"min-h-8 text-message relative flex w-full flex-col items-end gap-2 text-start break-words whitespace-normal [.text-message+&amp;]:mt-1\" dir=\"auto\" data-message-author-role=\"assistant\" data-message-id=\"8022d702-19d5-4522-9c03-0ffbd8ba4324\" data-message-model-slug=\"gpt-5-3\">\n<div class=\"flex w-full flex-col gap-1 empty:hidden\">\n<div class=\"markdown prose dark:prose-invert w-full wrap-break-word light markdown-new-styling\">\n<p data-start=\"115\" data-end=\"421\">La <strong data-start=\"118\" data-end=\"143\">movilidad corporativa<\/strong> hace referencia al conjunto de desplazamientos asociados a la actividad de una empresa u organizaci\u00f3n. Incluye tanto los trayectos diarios de las personas trabajadoras hacia su centro de trabajo como los desplazamientos profesionales que se realizan durante la jornada laboral.<\/p>\n<p data-start=\"423\" data-end=\"845\">En los \u00faltimos a\u00f1os, la movilidad corporativa ha adquirido una importancia creciente dentro de las estrategias empresariales, especialmente en relaci\u00f3n con la sostenibilidad, la eficiencia operativa y el bienestar de las personas empleadas. Gestionar adecuadamente estos desplazamientos permite reducir costes, mejorar la accesibilidad a los centros de trabajo y minimizar el impacto ambiental de la actividad empresarial.<\/p>\n<p data-start=\"847\" data-end=\"1026\">Adem\u00e1s, el impulso de nuevas pol\u00edticas p\u00fablicas orientadas a la movilidad sostenible est\u00e1 reforzando el papel de las empresas en la planificaci\u00f3n de los desplazamientos laborales.<\/p>\n<h2 data-section-id=\"sccjxh\" data-start=\"1028\" data-end=\"1067\">Qu\u00e9 incluye la movilidad corporativa<\/h2>\n<p data-start=\"1069\" data-end=\"1175\">La movilidad corporativa abarca diferentes tipos de desplazamientos vinculados a la actividad empresarial:<\/p>\n<ul data-start=\"1177\" data-end=\"1480\">\n<li data-section-id=\"2vhx5m\" data-start=\"1177\" data-end=\"1238\">\n<p data-start=\"1179\" data-end=\"1238\"><strong data-start=\"1179\" data-end=\"1219\">Desplazamientos al centro de trabajo<\/strong> de la plantilla.<\/p>\n<\/li>\n<li data-section-id=\"8aiwc8\" data-start=\"1239\" data-end=\"1291\">\n<p data-start=\"1241\" data-end=\"1291\">Viajes profesionales durante la jornada laboral.<\/p>\n<\/li>\n<li data-section-id=\"vwbhbz\" data-start=\"1292\" data-end=\"1361\">\n<p data-start=\"1294\" data-end=\"1361\">Movilidad asociada a <strong data-start=\"1315\" data-end=\"1358\">visitas a clientes o reuniones externas<\/strong>.<\/p>\n<\/li>\n<li data-section-id=\"zjzqf5\" data-start=\"1362\" data-end=\"1414\">\n<p data-start=\"1364\" data-end=\"1414\">Gesti\u00f3n de <strong data-start=\"1375\" data-end=\"1411\">flotas de veh\u00edculos corporativos<\/strong>.<\/p>\n<\/li>\n<li data-section-id=\"ddv53d\" data-start=\"1415\" data-end=\"1480\">\n<p data-start=\"1417\" data-end=\"1480\">Desplazamientos en entornos industriales o \u00e1reas empresariales.<\/p>\n<\/li>\n<\/ul>\n<p data-start=\"1482\" data-end=\"1607\">La gesti\u00f3n de estos desplazamientos puede influir directamente en la eficiencia de la organizaci\u00f3n y en su impacto ambiental.<\/p>\n<h2 data-section-id=\"j7794k\" data-start=\"1609\" data-end=\"1657\">Medidas para mejorar la movilidad corporativa<\/h2>\n<p data-start=\"1659\" data-end=\"1887\">Cada vez m\u00e1s empresas est\u00e1n desarrollando estrategias espec\u00edficas para optimizar su movilidad corporativa. Estas iniciativas suelen formar parte de pol\u00edticas m\u00e1s amplias de sostenibilidad o de <strong data-start=\"1852\" data-end=\"1886\">planes de movilidad sostenible al trabajo (PMST)<\/strong>.<\/p>\n<p data-start=\"1889\" data-end=\"1931\">Entre las medidas m\u00e1s habituales destacan:<\/p>\n<ul data-start=\"1933\" data-end=\"2311\">\n<li data-section-id=\"1m3b0ho\" data-start=\"1933\" data-end=\"2009\">\n<p data-start=\"1935\" data-end=\"2009\">Promoci\u00f3n del <strong data-start=\"1949\" data-end=\"1971\">transporte p\u00fablico<\/strong> para los desplazamientos laborales.<\/p>\n<\/li>\n<li data-section-id=\"1ivf17j\" data-start=\"2010\" data-end=\"2067\">\n<p data-start=\"2012\" data-end=\"2067\">Programas de <strong data-start=\"2025\" data-end=\"2045\">coche compartido<\/strong> entre trabajadores.<\/p>\n<\/li>\n<li data-section-id=\"12r3t7y\" data-start=\"2068\" data-end=\"2145\">\n<p data-start=\"2070\" data-end=\"2145\">Fomento de la <strong data-start=\"2084\" data-end=\"2104\">movilidad activa<\/strong>, como caminar o utilizar la bicicleta.<\/p>\n<\/li>\n<li data-section-id=\"1fnkycx\" data-start=\"2146\" data-end=\"2225\">\n<p data-start=\"2148\" data-end=\"2225\">Electrificaci\u00f3n o optimizaci\u00f3n de las <strong data-start=\"2186\" data-end=\"2222\">flotas de veh\u00edculos corporativos<\/strong>.<\/p>\n<\/li>\n<li data-section-id=\"ffjur2\" data-start=\"2226\" data-end=\"2311\">\n<p data-start=\"2228\" data-end=\"2311\">Implantaci\u00f3n de <strong data-start=\"2244\" data-end=\"2281\">teletrabajo o reuniones virtuales<\/strong> para reducir desplazamientos.<\/p>\n<\/li>\n<\/ul>\n<p data-start=\"2313\" data-end=\"2453\">La combinaci\u00f3n de estas medidas permite reducir tanto las emisiones asociadas a la movilidad como los costes relacionados con el transporte.<\/p>\n<h2 data-section-id=\"p44rbe\" data-start=\"2455\" data-end=\"2517\">Beneficios de una buena gesti\u00f3n de la movilidad corporativa<\/h2>\n<p data-start=\"2519\" data-end=\"2650\">Planificar la movilidad corporativa puede generar ventajas importantes tanto para las empresas como para las personas trabajadoras.<\/p>\n<p data-start=\"2652\" data-end=\"2699\">Entre los principales beneficios se encuentran:<\/p>\n<ul data-start=\"2701\" data-end=\"2937\">\n<li data-section-id=\"w8armf\" data-start=\"2701\" data-end=\"2755\">\n<p data-start=\"2703\" data-end=\"2755\">Reducci\u00f3n de la <strong data-start=\"2719\" data-end=\"2752\">huella de carbono empresarial<\/strong>.<\/p>\n<\/li>\n<li data-section-id=\"1c6lb8w\" data-start=\"2756\" data-end=\"2822\">\n<p data-start=\"2758\" data-end=\"2822\">Disminuci\u00f3n de los <strong data-start=\"2777\" data-end=\"2819\">costes asociados a los desplazamientos<\/strong>.<\/p>\n<\/li>\n<li data-section-id=\"8u71k6\" data-start=\"2823\" data-end=\"2883\">\n<p data-start=\"2825\" data-end=\"2883\">Mejora de la <strong data-start=\"2838\" data-end=\"2880\">accesibilidad a los centros de trabajo<\/strong>.<\/p>\n<\/li>\n<li data-section-id=\"1nvjuzu\" data-start=\"2884\" data-end=\"2937\">\n<p data-start=\"2886\" data-end=\"2937\">Mayor <strong data-start=\"2892\" data-end=\"2936\">bienestar y satisfacci\u00f3n de la plantilla<\/strong>.<\/p>\n<\/li>\n<\/ul>\n<p data-start=\"2939\" data-end=\"3254\" data-is-last-node=\"\" data-is-only-node=\"\">En un contexto en el que la sostenibilidad y la eficiencia son cada vez m\u00e1s relevantes para las organizaciones, la movilidad corporativa se consolida como un \u00e1mbito estrat\u00e9gico que permite avanzar hacia modelos de transporte m\u00e1s responsables, eficientes y adaptados a las nuevas necesidades del entorno empresarial.<\/p>\n<\/div>\n<\/div>\n<\/div>\n<\/div>\n<\/div>\n<\/div>\n<\/article>\n<\/div>\n","protected":false},"excerpt":{"rendered":"<p>La movilidad corporativa hace referencia al conjunto de desplazamientos asociados a la actividad de una empresa u organizaci\u00f3n. Incluye tanto los trayectos diarios de las personas trabajadoras hacia su centro de trabajo como los desplazamientos profesionales que se realizan durante&#8230;<\/p>\n","protected":false},"author":2,"featured_media":0,"comment_status":"closed","ping_status":"open","sticky":false,"template":"","format":"standard","meta":{"content-type":"","footnotes":""},"categories":[124,1],"tags":[],"class_list":["post-33651","post","type-post","status-publish","format-standard","hentry","category-noticias","category-sin-categorizar"],"_links":{"self":[{"href":"https:\/\/www.ingartek.com\/es\/wp-json\/wp\/v2\/posts\/33651","targetHints":{"allow":["GET"]}}],"collection":[{"href":"https:\/\/www.ingartek.com\/es\/wp-json\/wp\/v2\/posts"}],"about":[{"href":"https:\/\/www.ingartek.com\/es\/wp-json\/wp\/v2\/types\/post"}],"author":[{"embeddable":true,"href":"https:\/\/www.ingartek.com\/es\/wp-json\/wp\/v2\/users\/2"}],"replies":[{"embeddable":true,"href":"https:\/\/www.ingartek.com\/es\/wp-json\/wp\/v2\/comments?post=33651"}],"version-history":[{"count":2,"href":"https:\/\/www.ingartek.com\/es\/wp-json\/wp\/v2\/posts\/33651\/revisions"}],"predecessor-version":[{"id":33653,"href":"https:\/\/www.ingartek.com\/es\/wp-json\/wp\/v2\/posts\/33651\/revisions\/33653"}],"wp:attachment":[{"href":"https:\/\/www.ingartek.com\/es\/wp-json\/wp\/v2\/media?parent=33651"}],"wp:term":[{"taxonomy":"category","embeddable":true,"href":"https:\/\/www.ingartek.com\/es\/wp-json\/wp\/v2\/categories?post=33651"},{"taxonomy":"post_tag","embeddable":true,"href":"https:\/\/www.ingartek.com\/es\/wp-json\/wp\/v2\/tags?post=33651"}],"curies":[{"name":"wp","href":"https:\/\/api.w.org\/{rel}","templated":true}]}}