{"id":33648,"date":"2026-01-28T14:16:00","date_gmt":"2026-01-28T13:16:00","guid":{"rendered":"https:\/\/www.ingartek.com\/?p=33648"},"modified":"2026-03-09T14:24:27","modified_gmt":"2026-03-09T13:24:27","slug":"movilidad-laboral-ante-la-ley-de-movilidad-sostenible","status":"publish","type":"post","link":"https:\/\/www.ingartek.com\/es\/movilidad-laboral-ante-la-ley-de-movilidad-sostenible\/","title":{"rendered":"Movilidad laboral ante la Ley de Movilidad Sostenible"},"content":{"rendered":"<div class=\"flex flex-col text-sm pb-25\">\n<article class=\"text-token-text-primary w-full focus:outline-none [--shadow-height:45px] has-data-writing-block:pointer-events-none has-data-writing-block:-mt-(--shadow-height) has-data-writing-block:pt-(--shadow-height) [&amp;:has([data-writing-block])&gt;*]:pointer-events-auto scroll-mt-[calc(var(--header-height)+min(200px,max(70px,20svh)))]\" dir=\"auto\" tabindex=\"-1\" data-turn-id=\"request-WEB:842d011b-a0da-406a-9a7f-51b19d2b2424-5\" data-testid=\"conversation-turn-12\" data-scroll-anchor=\"true\" data-turn=\"assistant\">\n<div class=\"text-base my-auto mx-auto pb-10 [--thread-content-margin:var(--thread-content-margin-xs,calc(var(--spacing)*4))] @w-sm\/main:[--thread-content-margin:var(--thread-content-margin-sm,calc(var(--spacing)*6))] @w-lg\/main:[--thread-content-margin:var(--thread-content-margin-lg,calc(var(--spacing)*16))] px-(--thread-content-margin)\">\n<div class=\"[--thread-content-max-width:40rem] @w-lg\/main:[--thread-content-max-width:48rem] mx-auto max-w-(--thread-content-max-width) flex-1 group\/turn-messages focus-visible:outline-hidden relative flex w-full min-w-0 flex-col agent-turn\" tabindex=\"-1\">\n<div class=\"flex max-w-full flex-col gap-4 grow\">\n<div class=\"min-h-8 text-message relative flex w-full flex-col items-end gap-2 text-start break-words whitespace-normal [.text-message+&amp;]:mt-1\" dir=\"auto\" data-message-author-role=\"assistant\" data-message-id=\"42695c35-3144-467e-8699-2e659ba5db43\" data-message-model-slug=\"gpt-5-3\">\n<div class=\"flex w-full flex-col gap-1 empty:hidden\">\n<div class=\"markdown prose dark:prose-invert w-full wrap-break-word light markdown-new-styling\">\n<p data-start=\"114\" data-end=\"518\">La <strong data-start=\"117\" data-end=\"138\">movilidad laboral<\/strong> se ha convertido en un elemento clave dentro de las pol\u00edticas de sostenibilidad y planificaci\u00f3n del transporte. Los desplazamientos diarios al trabajo generan una parte importante del tr\u00e1fico en las ciudades y \u00e1reas metropolitanas, especialmente en las horas punta, y tienen un impacto directo en la congesti\u00f3n, la calidad del aire y las emisiones de gases de efecto invernadero.<\/p>\n<p data-start=\"520\" data-end=\"859\">En este contexto, la futura <strong data-start=\"548\" data-end=\"579\">Ley de Movilidad Sostenible<\/strong> en Espa\u00f1a plantea un nuevo marco para impulsar modelos de movilidad m\u00e1s eficientes y respetuosos con el medio ambiente. Entre sus objetivos se encuentra fomentar formas de desplazamiento m\u00e1s sostenibles y mejorar la planificaci\u00f3n de la movilidad en \u00e1mbitos clave como el laboral.<\/p>\n<p data-start=\"861\" data-end=\"998\">Una de las herramientas que adquieren mayor relevancia dentro de este marco son los <strong data-start=\"945\" data-end=\"997\">Planes de Movilidad Sostenible al Trabajo (PMST)<\/strong>.<\/p>\n<h2 data-section-id=\"idaxpy\" data-start=\"1000\" data-end=\"1060\">El papel de los Planes de Movilidad Sostenible al Trabajo<\/h2>\n<p data-start=\"1062\" data-end=\"1256\">Los PMST son instrumentos de planificaci\u00f3n que permiten analizar c\u00f3mo se desplazan las personas trabajadoras hacia su centro laboral y dise\u00f1ar medidas orientadas a mejorar estos desplazamientos.<\/p>\n<p data-start=\"1258\" data-end=\"1385\">Su objetivo principal es <strong data-start=\"1283\" data-end=\"1330\">reducir la dependencia del veh\u00edculo privado<\/strong> y fomentar alternativas de transporte m\u00e1s sostenibles.<\/p>\n<p data-start=\"1387\" data-end=\"1443\">Para ello, estos planes suelen incluir diferentes fases:<\/p>\n<ul data-start=\"1445\" data-end=\"1747\">\n<li data-section-id=\"l5c7tf\" data-start=\"1445\" data-end=\"1548\">\n<p data-start=\"1447\" data-end=\"1548\"><strong data-start=\"1447\" data-end=\"1486\">Diagn\u00f3stico de la movilidad laboral<\/strong>, analizando los patrones de desplazamiento de la plantilla.<\/p>\n<\/li>\n<li data-section-id=\"kbqe83\" data-start=\"1549\" data-end=\"1623\">\n<p data-start=\"1551\" data-end=\"1623\">Identificaci\u00f3n de <strong data-start=\"1569\" data-end=\"1599\">problemas de accesibilidad<\/strong> al centro de trabajo.<\/p>\n<\/li>\n<li data-section-id=\"ysct69\" data-start=\"1624\" data-end=\"1692\">\n<p data-start=\"1626\" data-end=\"1692\">Evaluaci\u00f3n del impacto ambiental asociado a los desplazamientos.<\/p>\n<\/li>\n<li data-section-id=\"wwkc0g\" data-start=\"1693\" data-end=\"1747\">\n<p data-start=\"1695\" data-end=\"1747\">Definici\u00f3n de <strong data-start=\"1709\" data-end=\"1746\">medidas para mejorar la movilidad<\/strong>.<\/p>\n<\/li>\n<\/ul>\n<p data-start=\"1749\" data-end=\"1869\">Este proceso permite adaptar las soluciones a las caracter\u00edsticas de cada empresa, centro de trabajo o \u00e1rea empresarial.<\/p>\n<h2 data-section-id=\"zfxww4\" data-start=\"1871\" data-end=\"1930\">Medidas habituales en los planes de movilidad al trabajo<\/h2>\n<p data-start=\"1932\" data-end=\"2098\">Las actuaciones que se incorporan en los PMST pueden variar en funci\u00f3n del entorno y de las necesidades de la plantilla, pero habitualmente incluyen iniciativas como:<\/p>\n<ul data-start=\"2100\" data-end=\"2432\">\n<li data-section-id=\"f46m1x\" data-start=\"2100\" data-end=\"2181\">\n<p data-start=\"2102\" data-end=\"2181\">Fomento del <strong data-start=\"2114\" data-end=\"2144\">uso del transporte p\u00fablico<\/strong> para acceder al centro de trabajo.<\/p>\n<\/li>\n<li data-section-id=\"twp49o\" data-start=\"2182\" data-end=\"2248\">\n<p data-start=\"2184\" data-end=\"2248\">Programas de <strong data-start=\"2197\" data-end=\"2217\">coche compartido<\/strong> entre personas trabajadoras.<\/p>\n<\/li>\n<li data-section-id=\"1m824fs\" data-start=\"2249\" data-end=\"2302\">\n<p data-start=\"2251\" data-end=\"2302\">Mejora de los <strong data-start=\"2265\" data-end=\"2299\">accesos peatonales y ciclistas<\/strong>.<\/p>\n<\/li>\n<li data-section-id=\"jxgdo4\" data-start=\"2303\" data-end=\"2356\">\n<p data-start=\"2305\" data-end=\"2356\">Instalaci\u00f3n de <strong data-start=\"2320\" data-end=\"2353\">aparcamientos para bicicletas<\/strong>.<\/p>\n<\/li>\n<li data-section-id=\"1r1icr9\" data-start=\"2357\" data-end=\"2432\">\n<p data-start=\"2359\" data-end=\"2432\">Impulso del <strong data-start=\"2371\" data-end=\"2412\">teletrabajo o la flexibilidad horaria<\/strong> cuando sea posible.<\/p>\n<\/li>\n<\/ul>\n<p data-start=\"2434\" data-end=\"2579\">Estas medidas contribuyen a mejorar la accesibilidad a los centros de trabajo y a reducir el impacto ambiental asociado a la movilidad cotidiana.<\/p>\n<h2 data-section-id=\"1acfeme\" data-start=\"2581\" data-end=\"2652\">Un instrumento clave para avanzar hacia una movilidad m\u00e1s sostenible<\/h2>\n<p data-start=\"2654\" data-end=\"2974\">La nueva Ley de Movilidad Sostenible refuerza el papel de la planificaci\u00f3n de la movilidad laboral dentro de las estrategias de transporte sostenible. En este contexto, los <strong data-start=\"2827\" data-end=\"2872\">Planes de Movilidad Sostenible al Trabajo<\/strong> se consolidan como una herramienta fundamental para empresas, administraciones y \u00e1reas empresariales.<\/p>\n<p data-start=\"2976\" data-end=\"3122\">Adem\u00e1s de contribuir a la reducci\u00f3n de emisiones y a la mejora de la calidad del aire, estos planes tambi\u00e9n pueden generar beneficios adicionales:<\/p>\n<ul data-start=\"3124\" data-end=\"3343\">\n<li data-section-id=\"1jd2a5o\" data-start=\"3124\" data-end=\"3197\">\n<p data-start=\"3126\" data-end=\"3197\">Disminuci\u00f3n de la <strong data-start=\"3144\" data-end=\"3194\">congesti\u00f3n en los accesos a centros de trabajo<\/strong>.<\/p>\n<\/li>\n<li data-section-id=\"9x3920\" data-start=\"3198\" data-end=\"3256\">\n<p data-start=\"3200\" data-end=\"3256\">Mejora del <strong data-start=\"3211\" data-end=\"3253\">bienestar de las personas trabajadoras<\/strong>.<\/p>\n<\/li>\n<li data-section-id=\"178bwd2\" data-start=\"3257\" data-end=\"3343\">\n<p data-start=\"3259\" data-end=\"3343\">Optimizaci\u00f3n del <strong data-start=\"3276\" data-end=\"3342\">uso del espacio urbano y de las infraestructuras de transporte<\/strong>.<\/p>\n<\/li>\n<\/ul>\n<p data-start=\"3345\" data-end=\"3673\" data-is-last-node=\"\" data-is-only-node=\"\">La incorporaci\u00f3n de la movilidad laboral en las pol\u00edticas p\u00fablicas y en la planificaci\u00f3n empresarial representa un paso importante hacia ciudades m\u00e1s sostenibles, accesibles y eficientes. Los PMST permiten avanzar en esta direcci\u00f3n mediante soluciones adaptadas a las necesidades reales de las organizaciones y sus trabajadores.<\/p>\n<\/div>\n<\/div>\n<\/div>\n<\/div>\n<\/div>\n<\/div>\n<\/article>\n<\/div>\n","protected":false},"excerpt":{"rendered":"<p>La movilidad laboral se ha convertido en un elemento clave dentro de las pol\u00edticas de sostenibilidad y planificaci\u00f3n del transporte. Los desplazamientos diarios al trabajo generan una parte importante del tr\u00e1fico en las ciudades y \u00e1reas metropolitanas, especialmente en las&#8230;<\/p>\n","protected":false},"author":2,"featured_media":0,"comment_status":"closed","ping_status":"open","sticky":false,"template":"","format":"standard","meta":{"content-type":"","footnotes":""},"categories":[124,1],"tags":[],"class_list":["post-33648","post","type-post","status-publish","format-standard","hentry","category-noticias","category-sin-categorizar"],"_links":{"self":[{"href":"https:\/\/www.ingartek.com\/es\/wp-json\/wp\/v2\/posts\/33648","targetHints":{"allow":["GET"]}}],"collection":[{"href":"https:\/\/www.ingartek.com\/es\/wp-json\/wp\/v2\/posts"}],"about":[{"href":"https:\/\/www.ingartek.com\/es\/wp-json\/wp\/v2\/types\/post"}],"author":[{"embeddable":true,"href":"https:\/\/www.ingartek.com\/es\/wp-json\/wp\/v2\/users\/2"}],"replies":[{"embeddable":true,"href":"https:\/\/www.ingartek.com\/es\/wp-json\/wp\/v2\/comments?post=33648"}],"version-history":[{"count":2,"href":"https:\/\/www.ingartek.com\/es\/wp-json\/wp\/v2\/posts\/33648\/revisions"}],"predecessor-version":[{"id":33650,"href":"https:\/\/www.ingartek.com\/es\/wp-json\/wp\/v2\/posts\/33648\/revisions\/33650"}],"wp:attachment":[{"href":"https:\/\/www.ingartek.com\/es\/wp-json\/wp\/v2\/media?parent=33648"}],"wp:term":[{"taxonomy":"category","embeddable":true,"href":"https:\/\/www.ingartek.com\/es\/wp-json\/wp\/v2\/categories?post=33648"},{"taxonomy":"post_tag","embeddable":true,"href":"https:\/\/www.ingartek.com\/es\/wp-json\/wp\/v2\/tags?post=33648"}],"curies":[{"name":"wp","href":"https:\/\/api.w.org\/{rel}","templated":true}]}}