{"id":33646,"date":"2026-01-22T14:13:55","date_gmt":"2026-01-22T13:13:55","guid":{"rendered":"https:\/\/www.ingartek.com\/?p=33646"},"modified":"2026-03-09T14:24:39","modified_gmt":"2026-03-09T13:24:39","slug":"retos-y-soluciones-para-mejorar-la-movilidad-en-empresas-con-turnos-de-trabajo","status":"publish","type":"post","link":"https:\/\/www.ingartek.com\/es\/retos-y-soluciones-para-mejorar-la-movilidad-en-empresas-con-turnos-de-trabajo\/","title":{"rendered":"Retos y soluciones para mejorar la movilidad en empresas con turnos de trabajo"},"content":{"rendered":"<p data-start=\"268\" data-end=\"655\">La organizaci\u00f3n del trabajo en <strong data-start=\"299\" data-end=\"348\">turnos rotativos o horarios no convencionales<\/strong> plantea importantes retos en materia de movilidad laboral. En muchos sectores, como la industria, la log\u00edstica, la sanidad o determinados servicios, las personas trabajadoras deben desplazarse fuera de los horarios habituales del transporte p\u00fablico, lo que condiciona las opciones de movilidad disponibles.<\/p>\n<p data-start=\"657\" data-end=\"955\">En estos casos, el veh\u00edculo privado suele convertirse en la principal alternativa para acceder al centro de trabajo, lo que puede generar diversos impactos: mayor congesti\u00f3n en determinados accesos, incremento de emisiones contaminantes o dificultades de aparcamiento en el entorno de las empresas.<\/p>\n<p data-start=\"957\" data-end=\"1204\">Por este motivo, cada vez m\u00e1s organizaciones est\u00e1n analizando la <strong data-start=\"1022\" data-end=\"1068\">movilidad asociada a los turnos de trabajo<\/strong> para identificar soluciones que mejoren la accesibilidad a los centros laborales y fomenten opciones de desplazamiento m\u00e1s sostenibles.<\/p>\n<h2 data-section-id=\"hso3cq\" data-start=\"1206\" data-end=\"1255\">Principales desaf\u00edos de la movilidad en turnos<\/h2>\n<p data-start=\"1257\" data-end=\"1383\">Las empresas que operan con turnos de trabajo suelen enfrentarse a varios retos relacionados con la movilidad de su plantilla:<\/p>\n<ul data-start=\"1385\" data-end=\"1650\">\n<li data-section-id=\"4g5y7k\" data-start=\"1385\" data-end=\"1465\">\n<p data-start=\"1387\" data-end=\"1465\">Horarios laborales que <strong data-start=\"1410\" data-end=\"1462\">no coinciden con la oferta de transporte p\u00fablico<\/strong>.<\/p>\n<\/li>\n<li data-section-id=\"16lywll\" data-start=\"1466\" data-end=\"1513\">\n<p data-start=\"1468\" data-end=\"1513\">Mayor dependencia del <strong data-start=\"1490\" data-end=\"1510\">veh\u00edculo privado<\/strong>.<\/p>\n<\/li>\n<li data-section-id=\"13is8v1\" data-start=\"1514\" data-end=\"1584\">\n<p data-start=\"1516\" data-end=\"1584\">Concentraci\u00f3n de desplazamientos en determinados momentos del d\u00eda.<\/p>\n<\/li>\n<li data-section-id=\"1pzr3wh\" data-start=\"1585\" data-end=\"1650\">\n<p data-start=\"1587\" data-end=\"1650\">Dificultades para coordinar desplazamientos entre trabajadores.<\/p>\n<\/li>\n<\/ul>\n<p data-start=\"1652\" data-end=\"1856\">Adem\u00e1s, en pol\u00edgonos industriales o zonas empresariales alejadas de los n\u00facleos urbanos, las alternativas de transporte suelen ser limitadas, lo que refuerza la necesidad de buscar soluciones espec\u00edficas.<\/p>\n<h2 data-section-id=\"1ck710q\" data-start=\"1858\" data-end=\"1917\">Medidas para mejorar la movilidad en empresas con turnos<\/h2>\n<p data-start=\"1919\" data-end=\"2097\">El an\u00e1lisis de los patrones de desplazamiento de la plantilla permite dise\u00f1ar estrategias adaptadas a cada organizaci\u00f3n. Algunas de las medidas que pueden implementarse incluyen:<\/p>\n<ul data-start=\"2099\" data-end=\"2400\">\n<li data-section-id=\"12vlu3d\" data-start=\"2099\" data-end=\"2179\">\n<p data-start=\"2101\" data-end=\"2179\">Programas de <strong data-start=\"2114\" data-end=\"2134\">coche compartido<\/strong> entre trabajadores con horarios similares.<\/p>\n<\/li>\n<li data-section-id=\"2omko4\" data-start=\"2180\" data-end=\"2237\">\n<p data-start=\"2182\" data-end=\"2237\">Servicios de <strong data-start=\"2195\" data-end=\"2234\">transporte colectivo para empleados<\/strong>.<\/p>\n<\/li>\n<li data-section-id=\"1uyy28\" data-start=\"2238\" data-end=\"2320\">\n<p data-start=\"2240\" data-end=\"2320\">Ajustes en los <strong data-start=\"2255\" data-end=\"2287\">horarios de entrada y salida<\/strong> para mejorar la accesibilidad.<\/p>\n<\/li>\n<li data-section-id=\"1lsz6iw\" data-start=\"2321\" data-end=\"2400\">\n<p data-start=\"2323\" data-end=\"2400\">Mejora de los <strong data-start=\"2337\" data-end=\"2371\">accesos peatonales y ciclistas<\/strong> en el entorno de la empresa.<\/p>\n<\/li>\n<\/ul>\n<p data-start=\"2402\" data-end=\"2591\">En algunos casos, la colaboraci\u00f3n entre empresas ubicadas en un mismo pol\u00edgono o \u00e1rea industrial puede facilitar la puesta en marcha de soluciones conjuntas de transporte para trabajadores.<\/p>\n<h2 data-section-id=\"onywv2\" data-start=\"2593\" data-end=\"2637\">Hacia una movilidad laboral m\u00e1s eficiente<\/h2>\n<p data-start=\"2639\" data-end=\"2820\">Abordar la movilidad asociada a los turnos de trabajo no solo mejora la accesibilidad de las personas empleadas, sino que tambi\u00e9n puede generar beneficios para las propias empresas:<\/p>\n<ul data-start=\"2822\" data-end=\"2979\">\n<li data-section-id=\"1fkaluh\" data-start=\"2822\" data-end=\"2869\">\n<p data-start=\"2824\" data-end=\"2869\">Reducci\u00f3n de problemas de <strong data-start=\"2850\" data-end=\"2866\">aparcamiento<\/strong>.<\/p>\n<\/li>\n<li data-section-id=\"1dwuk9z\" data-start=\"2870\" data-end=\"2915\">\n<p data-start=\"2872\" data-end=\"2915\">Mejora del <strong data-start=\"2883\" data-end=\"2912\">bienestar de la plantilla<\/strong>.<\/p>\n<\/li>\n<li data-section-id=\"172teg7\" data-start=\"2916\" data-end=\"2979\">\n<p data-start=\"2918\" data-end=\"2979\">Disminuci\u00f3n del <strong data-start=\"2934\" data-end=\"2955\">impacto ambiental<\/strong> de los desplazamientos.<\/p>\n<\/li>\n<\/ul>\n<p data-start=\"2981\" data-end=\"3199\">Integrar este tipo de an\u00e1lisis dentro de los <strong data-start=\"3026\" data-end=\"3060\">planes de movilidad sostenible al trabajo<\/strong> (PMST) permite avanzar hacia sistemas de transporte m\u00e1s eficientes y adaptados a las necesidades reales de las organizaciones y sus trabajadores.<\/p>\n","protected":false},"excerpt":{"rendered":"<p>La organizaci\u00f3n del trabajo en turnos rotativos o horarios no convencionales plantea importantes retos en materia de movilidad laboral. En muchos sectores, como la industria, la log\u00edstica, la sanidad o determinados servicios, las personas trabajadoras deben desplazarse fuera de los&#8230;<\/p>\n","protected":false},"author":2,"featured_media":0,"comment_status":"closed","ping_status":"open","sticky":false,"template":"","format":"standard","meta":{"content-type":"","footnotes":""},"categories":[124,1],"tags":[],"class_list":["post-33646","post","type-post","status-publish","format-standard","hentry","category-noticias","category-sin-categorizar"],"_links":{"self":[{"href":"https:\/\/www.ingartek.com\/es\/wp-json\/wp\/v2\/posts\/33646","targetHints":{"allow":["GET"]}}],"collection":[{"href":"https:\/\/www.ingartek.com\/es\/wp-json\/wp\/v2\/posts"}],"about":[{"href":"https:\/\/www.ingartek.com\/es\/wp-json\/wp\/v2\/types\/post"}],"author":[{"embeddable":true,"href":"https:\/\/www.ingartek.com\/es\/wp-json\/wp\/v2\/users\/2"}],"replies":[{"embeddable":true,"href":"https:\/\/www.ingartek.com\/es\/wp-json\/wp\/v2\/comments?post=33646"}],"version-history":[{"count":1,"href":"https:\/\/www.ingartek.com\/es\/wp-json\/wp\/v2\/posts\/33646\/revisions"}],"predecessor-version":[{"id":33647,"href":"https:\/\/www.ingartek.com\/es\/wp-json\/wp\/v2\/posts\/33646\/revisions\/33647"}],"wp:attachment":[{"href":"https:\/\/www.ingartek.com\/es\/wp-json\/wp\/v2\/media?parent=33646"}],"wp:term":[{"taxonomy":"category","embeddable":true,"href":"https:\/\/www.ingartek.com\/es\/wp-json\/wp\/v2\/categories?post=33646"},{"taxonomy":"post_tag","embeddable":true,"href":"https:\/\/www.ingartek.com\/es\/wp-json\/wp\/v2\/tags?post=33646"}],"curies":[{"name":"wp","href":"https:\/\/api.w.org\/{rel}","templated":true}]}}