{"id":33643,"date":"2026-01-14T14:12:35","date_gmt":"2026-01-14T13:12:35","guid":{"rendered":"https:\/\/www.ingartek.com\/?p=33643"},"modified":"2026-03-09T14:24:57","modified_gmt":"2026-03-09T13:24:57","slug":"la-intermodalidad-laboral-como-estrategia-para-desplazamientos-mas-eficientes","status":"publish","type":"post","link":"https:\/\/www.ingartek.com\/es\/la-intermodalidad-laboral-como-estrategia-para-desplazamientos-mas-eficientes\/","title":{"rendered":"La intermodalidad laboral como estrategia para desplazamientos m\u00e1s eficientes"},"content":{"rendered":"<p data-start=\"2599\" data-end=\"2904\">La forma en que nos desplazamos al trabajo est\u00e1 cambiando. En entornos urbanos cada vez m\u00e1s complejos, depender de un \u00fanico modo de transporte no siempre es la opci\u00f3n m\u00e1s eficiente. Por ello, la <strong data-start=\"2794\" data-end=\"2820\">intermodalidad laboral<\/strong> se est\u00e1 consolidando como una estrategia clave para mejorar la movilidad cotidiana.<\/p>\n<p data-start=\"2906\" data-end=\"3057\">La intermodalidad consiste en <strong data-start=\"2936\" data-end=\"3008\">combinar diferentes medios de transporte dentro de un mismo trayecto<\/strong>, aprovechando las ventajas de cada uno de ellos.<\/p>\n<p data-start=\"3059\" data-end=\"3092\">Por ejemplo, un trabajador puede:<\/p>\n<ul data-start=\"3094\" data-end=\"3286\">\n<li data-section-id=\"178anwl\" data-start=\"3094\" data-end=\"3165\">\n<p data-start=\"3096\" data-end=\"3165\">Desplazarse en <strong data-start=\"3111\" data-end=\"3129\">tren o autob\u00fas<\/strong> desde su municipio de residencia.<\/p>\n<\/li>\n<li data-section-id=\"fh1j6f\" data-start=\"3166\" data-end=\"3220\">\n<p data-start=\"3168\" data-end=\"3220\">Continuar el trayecto en <strong data-start=\"3193\" data-end=\"3217\">bicicleta o patinete<\/strong>.<\/p>\n<\/li>\n<li data-section-id=\"1e28j0p\" data-start=\"3221\" data-end=\"3286\">\n<p data-start=\"3223\" data-end=\"3286\">Completar el \u00faltimo tramo <strong data-start=\"3249\" data-end=\"3258\">a pie<\/strong> hasta su centro de trabajo.<\/p>\n<\/li>\n<\/ul>\n<p data-start=\"3288\" data-end=\"3417\">Este tipo de combinaciones permite reducir el uso del veh\u00edculo privado y optimizar los tiempos de desplazamiento en muchos casos.<\/p>\n<h2 data-section-id=\"wwbuiu\" data-start=\"3419\" data-end=\"3462\">Factores que facilitan la intermodalidad<\/h2>\n<p data-start=\"3464\" data-end=\"3588\">Para que la intermodalidad laboral funcione correctamente es necesario contar con determinadas condiciones en el territorio:<\/p>\n<ul data-start=\"3590\" data-end=\"3838\">\n<li data-section-id=\"lbej3x\" data-start=\"3590\" data-end=\"3649\">\n<p data-start=\"3592\" data-end=\"3649\">Buena <strong data-start=\"3598\" data-end=\"3646\">conectividad con redes de transporte p\u00fablico<\/strong>.<\/p>\n<\/li>\n<li data-section-id=\"1wpo3ue\" data-start=\"3650\" data-end=\"3710\">\n<p data-start=\"3652\" data-end=\"3710\">Infraestructuras seguras para <strong data-start=\"3682\" data-end=\"3707\">peatones y bicicletas<\/strong>.<\/p>\n<\/li>\n<li data-section-id=\"jti43q\" data-start=\"3711\" data-end=\"3785\">\n<p data-start=\"3713\" data-end=\"3785\">Espacios de <strong data-start=\"3725\" data-end=\"3782\">aparcamientos para bicicletas o veh\u00edculos compartidos<\/strong>.<\/p>\n<\/li>\n<li data-section-id=\"a0v65d\" data-start=\"3786\" data-end=\"3838\">\n<p data-start=\"3788\" data-end=\"3838\">Integraci\u00f3n entre distintos sistemas de movilidad.<\/p>\n<\/li>\n<\/ul>\n<p data-start=\"3840\" data-end=\"4003\">La planificaci\u00f3n de la intermodalidad requiere analizar tanto la localizaci\u00f3n de los centros de trabajo como las caracter\u00edsticas de la red de transporte existente.<\/p>\n<h2 data-section-id=\"190en77\" data-start=\"4005\" data-end=\"4048\">Beneficios de fomentar la intermodalidad<\/h2>\n<p data-start=\"4050\" data-end=\"4120\">Promover la intermodalidad laboral puede generar m\u00faltiples beneficios:<\/p>\n<ul data-start=\"4122\" data-end=\"4343\">\n<li data-section-id=\"1hhit0p\" data-start=\"4122\" data-end=\"4169\">\n<p data-start=\"4124\" data-end=\"4169\">Reducci\u00f3n del <strong data-start=\"4138\" data-end=\"4166\">uso del veh\u00edculo privado<\/strong>.<\/p>\n<\/li>\n<li data-section-id=\"u3zbel\" data-start=\"4170\" data-end=\"4235\">\n<p data-start=\"4172\" data-end=\"4235\">Menor <strong data-start=\"4178\" data-end=\"4232\">congesti\u00f3n en los accesos a los centros de trabajo<\/strong>.<\/p>\n<\/li>\n<li data-section-id=\"1mo6yi5\" data-start=\"4236\" data-end=\"4283\">\n<p data-start=\"4238\" data-end=\"4283\">Disminuci\u00f3n de <strong data-start=\"4253\" data-end=\"4280\">emisiones contaminantes<\/strong>.<\/p>\n<\/li>\n<li data-section-id=\"robw0o\" data-start=\"4284\" data-end=\"4343\">\n<p data-start=\"4286\" data-end=\"4343\">Mayor <strong data-start=\"4292\" data-end=\"4342\">flexibilidad en los desplazamientos cotidianos<\/strong>.<\/p>\n<\/li>\n<\/ul>\n<p data-start=\"4345\" data-end=\"4543\">En este sentido, empresas y administraciones pueden desempe\u00f1ar un papel clave impulsando medidas que faciliten la combinaci\u00f3n de distintos modos de transporte y fomenten una movilidad m\u00e1s eficiente.<\/p>\n","protected":false},"excerpt":{"rendered":"<p>La forma en que nos desplazamos al trabajo est\u00e1 cambiando. En entornos urbanos cada vez m\u00e1s complejos, depender de un \u00fanico modo de transporte no siempre es la opci\u00f3n m\u00e1s eficiente. Por ello, la intermodalidad laboral se est\u00e1 consolidando como&#8230;<\/p>\n","protected":false},"author":2,"featured_media":0,"comment_status":"closed","ping_status":"open","sticky":false,"template":"","format":"standard","meta":{"content-type":"","footnotes":""},"categories":[124,1],"tags":[],"class_list":["post-33643","post","type-post","status-publish","format-standard","hentry","category-noticias","category-sin-categorizar"],"_links":{"self":[{"href":"https:\/\/www.ingartek.com\/es\/wp-json\/wp\/v2\/posts\/33643","targetHints":{"allow":["GET"]}}],"collection":[{"href":"https:\/\/www.ingartek.com\/es\/wp-json\/wp\/v2\/posts"}],"about":[{"href":"https:\/\/www.ingartek.com\/es\/wp-json\/wp\/v2\/types\/post"}],"author":[{"embeddable":true,"href":"https:\/\/www.ingartek.com\/es\/wp-json\/wp\/v2\/users\/2"}],"replies":[{"embeddable":true,"href":"https:\/\/www.ingartek.com\/es\/wp-json\/wp\/v2\/comments?post=33643"}],"version-history":[{"count":2,"href":"https:\/\/www.ingartek.com\/es\/wp-json\/wp\/v2\/posts\/33643\/revisions"}],"predecessor-version":[{"id":33645,"href":"https:\/\/www.ingartek.com\/es\/wp-json\/wp\/v2\/posts\/33643\/revisions\/33645"}],"wp:attachment":[{"href":"https:\/\/www.ingartek.com\/es\/wp-json\/wp\/v2\/media?parent=33643"}],"wp:term":[{"taxonomy":"category","embeddable":true,"href":"https:\/\/www.ingartek.com\/es\/wp-json\/wp\/v2\/categories?post=33643"},{"taxonomy":"post_tag","embeddable":true,"href":"https:\/\/www.ingartek.com\/es\/wp-json\/wp\/v2\/tags?post=33643"}],"curies":[{"name":"wp","href":"https:\/\/api.w.org\/{rel}","templated":true}]}}