{"id":33600,"date":"2025-11-07T14:43:59","date_gmt":"2025-11-07T13:43:59","guid":{"rendered":"https:\/\/www.ingartek.com\/?p=33600"},"modified":"2026-02-04T14:47:09","modified_gmt":"2026-02-04T13:47:09","slug":"diagnostico-de-movilidad-esencial-para-planes-de-movilidad-sostenibles-al-trabajo","status":"publish","type":"post","link":"https:\/\/www.ingartek.com\/es\/diagnostico-de-movilidad-esencial-para-planes-de-movilidad-sostenibles-al-trabajo\/","title":{"rendered":"Diagn\u00f3stico de movilidad esencial para planes de movilidad sostenibles al trabajo"},"content":{"rendered":"<p class=\"my-2 [&amp;+p]:mt-4 [&amp;_strong:has(+br)]:inline-block [&amp;_strong:has(+br)]:pb-2\">El diagn\u00f3stico de movilidad es el proceso anal\u00edtico inicial que examina los patrones de desplazamiento en entornos empresariales, fundamental para elaborar planes de movilidad sostenible al trabajo que prioricen opciones ecol\u00f3gicas y eficientes.<\/p>\n<p class=\"my-2 [&amp;+p]:mt-4 [&amp;_strong:has(+br)]:inline-block [&amp;_strong:has(+br)]:pb-2\">Esta herramienta te\u00f3rica recopila y procesa datos reales sobre c\u00f3mo llegan los empleados a sus puestos, identificando oportunidades para reducir la dependencia del coche privado mediante alternativas pr\u00e1cticas.<\/p>\n<h2 id=\"estructura-completa-del-diagnstico-de-movilidad\" class=\"mb-2 mt-4 [.has-inline-images_&amp;]:clear-end font-sans visRefresh2026AnswerSerif:font-editorial font-semimedium visRefresh2026Fonts:font-bold text-base visRefresh2026Fonts:text-lg first:mt-0 md:text-lg [hr+&amp;]:mt-4\">Estructura Completa del Diagn\u00f3stico de Movilidad<\/h2>\n<p class=\"my-2 [&amp;+p]:mt-4 [&amp;_strong:has(+br)]:inline-block [&amp;_strong:has(+br)]:pb-2\">Un diagn\u00f3stico de movilidad se organiza en etapas secuenciales que garantizan profundidad sin complicaciones innecesarias. Comienza con la observaci\u00f3n directa de flujos en accesos laborales durante horas pico, complementada por encuestas an\u00f3nimas a trabajadores sobre sus rutinas diarias de transporte.<\/p>\n<p class=\"my-2 [&amp;+p]:mt-4 [&amp;_strong:has(+br)]:inline-block [&amp;_strong:has(+br)]:pb-2\">Posteriormente, integra datos geogr\u00e1ficos simples para mapear rutas comunes, evaluando elementos como distancia promedio, tiempo invertido y modos utilizados predominantemente. Finalmente, cruza esta informaci\u00f3n con revisiones de la infraestructura disponible, como disponibilidad de aparcamiento para bicicletas o conexiones de transporte p\u00fablico cercano.<\/p>\n<h2 id=\"importancia-terica-en-entornos-laborales\" class=\"mb-2 mt-4 [.has-inline-images_&amp;]:clear-end font-sans visRefresh2026AnswerSerif:font-editorial font-semimedium visRefresh2026Fonts:font-bold text-base visRefresh2026Fonts:text-lg first:mt-0 md:text-lg [hr+&amp;]:mt-4\">Importancia en Entornos Laborales<\/h2>\n<p class=\"my-2 [&amp;+p]:mt-4 [&amp;_strong:has(+br)]:inline-block [&amp;_strong:has(+br)]:pb-2\">El diagn\u00f3stico de movilidad act\u00faa como diagn\u00f3stico diferencial en planificaci\u00f3n empresarial: distingue s\u00edntomas superficiales (como congesti\u00f3n matutina) de causas ra\u00edz (falta de rutas seguras para peatones o ciclistas). Esto permite dise\u00f1ar intervenciones targeted, como programas de incentivo para carpooling o ampliaci\u00f3n de senderos peatonales en pol\u00edgonos industriales.<\/p>\n<p class=\"my-2 [&amp;+p]:mt-4 [&amp;_strong:has(+br)]:inline-block [&amp;_strong:has(+br)]:pb-2\">En planes de movilidad sostenible al trabajo, proporciona la evidencia cuantitativa necesaria para justificar inversiones, alineando objetivos corporativos de sostenibilidad con beneficios tangibles como menor absentismo por estr\u00e9s vial o mejora en la imagen ecol\u00f3gica de la empresa.<\/p>\n<p class=\"my-2 [&amp;+p]:mt-4 [&amp;_strong:has(+br)]:inline-block [&amp;_strong:has(+br)]:pb-2\">Adem\u00e1s, fomenta un enfoque participativo al involucrar a los empleados en la recopilaci\u00f3n de datos, lo que aumenta la adherencia a las medidas propuestas y asegura adaptabilidad a contextos locales espec\u00edficos.<\/p>\n<p>Si tu organizaci\u00f3n busca optimizar\u00a0<strong>diagn\u00f3stico de movilidad<\/strong> para un plan sostenible al trabajo, Ingartek ofrece la experiencia necesaria para convertir an\u00e1lisis en acciones concretas y efectivas.<\/p>\n","protected":false},"excerpt":{"rendered":"<p>El diagn\u00f3stico de movilidad es el proceso anal\u00edtico inicial que examina los patrones de desplazamiento en entornos empresariales, fundamental para elaborar planes de movilidad sostenible al trabajo que prioricen opciones ecol\u00f3gicas y eficientes.<\/p>\n","protected":false},"author":2,"featured_media":0,"comment_status":"closed","ping_status":"open","sticky":false,"template":"","format":"standard","meta":{"content-type":"","footnotes":""},"categories":[124],"tags":[],"class_list":["post-33600","post","type-post","status-publish","format-standard","hentry","category-noticias"],"_links":{"self":[{"href":"https:\/\/www.ingartek.com\/es\/wp-json\/wp\/v2\/posts\/33600","targetHints":{"allow":["GET"]}}],"collection":[{"href":"https:\/\/www.ingartek.com\/es\/wp-json\/wp\/v2\/posts"}],"about":[{"href":"https:\/\/www.ingartek.com\/es\/wp-json\/wp\/v2\/types\/post"}],"author":[{"embeddable":true,"href":"https:\/\/www.ingartek.com\/es\/wp-json\/wp\/v2\/users\/2"}],"replies":[{"embeddable":true,"href":"https:\/\/www.ingartek.com\/es\/wp-json\/wp\/v2\/comments?post=33600"}],"version-history":[{"count":0,"href":"https:\/\/www.ingartek.com\/es\/wp-json\/wp\/v2\/posts\/33600\/revisions"}],"wp:attachment":[{"href":"https:\/\/www.ingartek.com\/es\/wp-json\/wp\/v2\/media?parent=33600"}],"wp:term":[{"taxonomy":"category","embeddable":true,"href":"https:\/\/www.ingartek.com\/es\/wp-json\/wp\/v2\/categories?post=33600"},{"taxonomy":"post_tag","embeddable":true,"href":"https:\/\/www.ingartek.com\/es\/wp-json\/wp\/v2\/tags?post=33600"}],"curies":[{"name":"wp","href":"https:\/\/api.w.org\/{rel}","templated":true}]}}