{"id":33597,"date":"2025-10-29T14:33:12","date_gmt":"2025-10-29T13:33:12","guid":{"rendered":"https:\/\/www.ingartek.com\/?p=33597"},"modified":"2026-02-04T14:41:03","modified_gmt":"2026-02-04T13:41:03","slug":"conteo-de-movilidad-para-planes-de-movilidad-sostenible-al-trabajo","status":"publish","type":"post","link":"https:\/\/www.ingartek.com\/es\/conteo-de-movilidad-para-planes-de-movilidad-sostenible-al-trabajo\/","title":{"rendered":"Conteo de movilidad para planes de movilidad sostenible al trabajo"},"content":{"rendered":"<p class=\"my-2 [&amp;+p]:mt-4 [&amp;_strong:has(+br)]:inline-block [&amp;_strong:has(+br)]:pb-2\">El conteo de movilidad constituye el pilar cuantitativo en la planificaci\u00f3n de movilidad urbana sostenible, permitiendo registrar con exactitud los flujos de desplazamientos en entornos laborales y ciudadanos para impulsar alternativas ecol\u00f3gicas como el peat\u00f3n, la bicicleta o el transporte p\u00fablico eficiente.<\/p>\n<p class=\"my-2 [&amp;+p]:mt-4 [&amp;_strong:has(+br)]:inline-block [&amp;_strong:has(+br)]:pb-2\">Esta herramienta no solo mide vol\u00famenes reales, sino que contextualiza patrones de uso que fundamentan intervenciones precisas en planes de movilidad sostenible al trabajo, evitando suposiciones y alineando estrategias con necesidades locales reales.<\/p>\n<p class=\"my-2 [&amp;+p]:mt-4 [&amp;_strong:has(+br)]:inline-block [&amp;_strong:has(+br)]:pb-2\">Desde un enfoque te\u00f3rico, distingue entre t\u00e9cnicas manuales, donde observadores capacitados anotan datos en tiempo real, y autom\u00e1ticas, basadas en sensores infrarrojos o c\u00e1maras no intrusivas, complementadas por m\u00e9todos h\u00edbridos que maximizan cobertura y precisi\u00f3n sin interrumpir el tr\u00e1fico.<\/p>\n<p class=\"my-2 [&amp;+p]:mt-4 [&amp;_strong:has(+br)]:inline-block [&amp;_strong:has(+br)]:pb-2\">La clave radica en el dise\u00f1o del muestreo: seleccionar periodos representativos (horas pico matutinas para flujos laborales, por ejemplo) y variables esenciales como modo de desplazamiento (coche, bici, a pie), direcci\u00f3n y ocupaci\u00f3n, asegurando datos extrapolables a toda la red urbana.<\/p>\n<p class=\"my-2 [&amp;+p]:mt-4 [&amp;_strong:has(+br)]:inline-block [&amp;_strong:has(+br)]:pb-2\">Ingartek emplea estos principios en la fase diagn\u00f3stica de planes sostenibles, priorizando simplicidad para que los resultados gu\u00eden acciones concretas como ampliaciones de aceras o conexiones ciclistas.<\/p>\n<h2 id=\"rol-estratgico-en-planes-de-movilidad-sostenible-a\" class=\"mb-2 mt-4 [.has-inline-images_&amp;]:clear-end font-sans visRefresh2026AnswerSerif:font-editorial font-semimedium visRefresh2026Fonts:font-bold text-base visRefresh2026Fonts:text-lg first:mt-0 md:text-lg [hr+&amp;]:mt-4\">Rol en Planes de Movilidad Sostenible al Trabajo<\/h2>\n<p class=\"my-2 [&amp;+p]:mt-4 [&amp;_strong:has(+br)]:inline-block [&amp;_strong:has(+br)]:pb-2\">En el contexto de planes de movilidad sostenible al trabajo, el conteo de movilidad revela din\u00e1micas ocultas, como el predominio de coches en accesos empresariales, facilitando el dise\u00f1o de incentivos hacia opciones compartidas o activas.<\/p>\n<p class=\"my-2 [&amp;+p]:mt-4 [&amp;_strong:has(+br)]:inline-block [&amp;_strong:has(+br)]:pb-2\">Te\u00f3ricamente, integra an\u00e1lisis multimodales para modelar escenarios futuros: por ejemplo, proyectar c\u00f3mo m\u00e1s ciclistas liberar\u00edan espacio vial, o c\u00f3mo rutas peatonales optimizadas reducir\u00edan tiempos de trayecto en zonas congestionadas.<\/p>\n<p>Tambi\u00e9n fomenta la participaci\u00f3n: datos del conteo movilidad sirven de base objetiva para talleres con trabajadores o residentes, generando consenso en medidas como parkings disuasorios o apps de movilidad integrada.<\/p>\n<p class=\"my-2 [&amp;+p]:mt-4 [&amp;_strong:has(+br)]:inline-block [&amp;_strong:has(+br)]:pb-2\">Adem\u00e1s, su aplicaci\u00f3n previene errores comunes en planificaci\u00f3n urbana sostenible, como invertir en infraestructuras subutilizadas, y soporta el cumplimiento de normativas europeas en Zonas de Bajas Emisiones al cuantificar reducciones potenciales en emisiones locales.<\/p>\n<p class=\"my-2 [&amp;+p]:mt-4 [&amp;_strong:has(+br)]:inline-block [&amp;_strong:has(+br)]:pb-2\">En planes de movilidad urbana sostenible, esta integraci\u00f3n genera matrices de demanda precisas, orientando prioridades como la peatonalizaci\u00f3n de centros hist\u00f3ricos o la extensi\u00f3n de redes de bus en pol\u00edgonos industriales.<\/p>\n<p class=\"my-2 [&amp;+p]:mt-4 [&amp;_strong:has(+br)]:inline-block [&amp;_strong:has(+br)]:pb-2\">Ingartek especializa esta aproximaci\u00f3n en consultor\u00eda pr\u00e1ctica, transformando conteos en recomendaciones accionables que elevan la calidad de vida sin requerir inversiones desproporcionadas.<\/p>\n","protected":false},"excerpt":{"rendered":"<p>El conteo demovilidad constituye el pilar cuantitativo en la planificaci\u00f3n de movilidad urbana sostenible, permitiendo registrar con exactitud los flujos de desplazamientos en entornos laborales y ciudadanos para impulsar alternativas ecol\u00f3gicas como el peat\u00f3n, la bicicleta o el transporte p\u00fablico eficiente.<\/p>\n","protected":false},"author":2,"featured_media":0,"comment_status":"closed","ping_status":"open","sticky":false,"template":"","format":"standard","meta":{"content-type":"","footnotes":""},"categories":[124],"tags":[],"class_list":["post-33597","post","type-post","status-publish","format-standard","hentry","category-noticias"],"_links":{"self":[{"href":"https:\/\/www.ingartek.com\/es\/wp-json\/wp\/v2\/posts\/33597","targetHints":{"allow":["GET"]}}],"collection":[{"href":"https:\/\/www.ingartek.com\/es\/wp-json\/wp\/v2\/posts"}],"about":[{"href":"https:\/\/www.ingartek.com\/es\/wp-json\/wp\/v2\/types\/post"}],"author":[{"embeddable":true,"href":"https:\/\/www.ingartek.com\/es\/wp-json\/wp\/v2\/users\/2"}],"replies":[{"embeddable":true,"href":"https:\/\/www.ingartek.com\/es\/wp-json\/wp\/v2\/comments?post=33597"}],"version-history":[{"count":0,"href":"https:\/\/www.ingartek.com\/es\/wp-json\/wp\/v2\/posts\/33597\/revisions"}],"wp:attachment":[{"href":"https:\/\/www.ingartek.com\/es\/wp-json\/wp\/v2\/media?parent=33597"}],"wp:term":[{"taxonomy":"category","embeddable":true,"href":"https:\/\/www.ingartek.com\/es\/wp-json\/wp\/v2\/categories?post=33597"},{"taxonomy":"post_tag","embeddable":true,"href":"https:\/\/www.ingartek.com\/es\/wp-json\/wp\/v2\/tags?post=33597"}],"curies":[{"name":"wp","href":"https:\/\/api.w.org\/{rel}","templated":true}]}}