{"id":33460,"date":"2025-09-09T14:44:03","date_gmt":"2025-09-09T13:44:03","guid":{"rendered":"https:\/\/www.ingartek.com\/?p=33460"},"modified":"2025-11-12T14:52:22","modified_gmt":"2025-11-12T13:52:22","slug":"planes-de-movilidad-al-trabajo-en-poligonos-industriales-el-reto-de-la-accesibilidad-sostenible","status":"publish","type":"post","link":"https:\/\/www.ingartek.com\/es\/planes-de-movilidad-al-trabajo-en-poligonos-industriales-el-reto-de-la-accesibilidad-sostenible\/","title":{"rendered":"Planes de movilidad al trabajo en pol\u00edgonos industriales: el reto de la accesibilidad sostenible"},"content":{"rendered":"<p>Cada d\u00eda, miles de personas se desplazan hacia los <strong data-start=\"898\" data-end=\"948\">pol\u00edgonos industriales y parques empresariales<\/strong> de todo el pa\u00eds. Sin embargo, en la mayor\u00eda de los casos, esos trayectos se realizan en <strong data-start=\"1037\" data-end=\"1057\">veh\u00edculo privado<\/strong>, por falta de alternativas reales. Las consecuencias son claras: congesti\u00f3n en las horas punta, problemas de aparcamiento, emisiones elevadas y dificultades de acceso para parte de la plantilla.<\/p>\n<p>En este contexto, los <strong data-start=\"1279\" data-end=\"1313\">planes de movilidad al trabajo<\/strong> se han convertido en una herramienta estrat\u00e9gica para <strong data-start=\"1368\" data-end=\"1416\">mejorar la accesibilidad y la sostenibilidad<\/strong> de estos entornos.<\/p>\n<h3 data-start=\"1637\" data-end=\"1672\"><strong data-start=\"1641\" data-end=\"1672\">Un entorno con retos \u00fanicos<\/strong><\/h3>\n<p data-start=\"1673\" data-end=\"2088\">La movilidad en pol\u00edgonos industriales presenta <strong data-start=\"1721\" data-end=\"1755\">caracter\u00edsticas muy diferentes<\/strong> a las de los centros urbanos. La dispersi\u00f3n geogr\u00e1fica, la baja densidad de servicios y la falta de transporte p\u00fablico adaptado hacen que la mayor\u00eda de las personas dependan del coche particular. Adem\u00e1s, los horarios laborales suelen concentrarse en determinadas franjas, generando picos de tr\u00e1fico intensos y problemas de acceso.<\/p>\n<p data-start=\"2090\" data-end=\"2501\">A estos factores se suman otros condicionantes: la escasa conexi\u00f3n con la red ciclista o peatonal, la falta de infraestructuras seguras para moverse sin coche, y la dificultad de coordinar medidas conjuntas entre m\u00faltiples empresas que comparten un mismo espacio industrial.<\/p>\n<h3 data-start=\"2508\" data-end=\"2583\"><strong data-start=\"2512\" data-end=\"2583\">Por qu\u00e9 los planes de movilidad al trabajo son parte de la soluci\u00f3n<\/strong><\/h3>\n<p data-start=\"2584\" data-end=\"2943\">Un <strong data-start=\"2587\" data-end=\"2626\">plan de movilidad al trabajo (PMCT)<\/strong> es mucho m\u00e1s que un diagn\u00f3stico: es una hoja de ruta para cambiar h\u00e1bitos, optimizar recursos y hacer m\u00e1s accesible el entorno empresarial. En el caso de los pol\u00edgonos industriales, su papel es todav\u00eda m\u00e1s relevante porque <strong data-start=\"2852\" data-end=\"2896\">permite coordinar estrategias colectivas<\/strong> entre diferentes empresas y actores locales.<\/p>\n<p data-start=\"2945\" data-end=\"2988\">Mediante un PMCT bien dise\u00f1ado, es posible:<\/p>\n<ul data-start=\"2990\" data-end=\"3463\">\n<li data-start=\"2990\" data-end=\"3088\">\n<p data-start=\"2992\" data-end=\"3088\">Crear <strong data-start=\"2998\" data-end=\"3032\">l\u00edneas de transporte lanzadera<\/strong> que conecten con estaciones de metro, tren o autob\u00fas.<\/p>\n<\/li>\n<li data-start=\"3089\" data-end=\"3166\">\n<p data-start=\"3091\" data-end=\"3166\">Promover el <strong data-start=\"3103\" data-end=\"3123\">coche compartido<\/strong> entre trabajadores de empresas pr\u00f3ximas.<\/p>\n<\/li>\n<li data-start=\"3167\" data-end=\"3288\">\n<p data-start=\"3169\" data-end=\"3288\">Fomentar el <strong data-start=\"3181\" data-end=\"3225\">uso de bicicletas o patinetes el\u00e9ctricos<\/strong> mediante infraestructuras adecuadas y aparcamientos seguros.<\/p>\n<\/li>\n<li data-start=\"3289\" data-end=\"3377\">\n<p data-start=\"3291\" data-end=\"3377\">Establecer <strong data-start=\"3302\" data-end=\"3331\">aparcamientos disuasorios<\/strong> y zonas de carga para veh\u00edculos el\u00e9ctricos.<\/p>\n<\/li>\n<li data-start=\"3378\" data-end=\"3463\">\n<p data-start=\"3380\" data-end=\"3463\">Reorganizar <strong data-start=\"3392\" data-end=\"3433\">turnos y horarios de entrada o salida<\/strong> para reducir la congesti\u00f3n.<\/p>\n<\/li>\n<\/ul>\n<p data-start=\"3465\" data-end=\"3631\">La clave est\u00e1 en adaptar las medidas a la realidad de cada pol\u00edgono, entendiendo que <strong data-start=\"3550\" data-end=\"3583\">no hay soluciones universales<\/strong>, sino estrategias personalizadas y sostenibles.<\/p>\n<h3 data-start=\"4728\" data-end=\"4778\"><strong data-start=\"4732\" data-end=\"4778\">Beneficios que van m\u00e1s all\u00e1 del transporte<\/strong><\/h3>\n<p data-start=\"4779\" data-end=\"5210\">Los efectos positivos de un <strong data-start=\"4807\" data-end=\"4865\">plan de movilidad al trabajo en un pol\u00edgono industrial<\/strong> se extienden mucho m\u00e1s all\u00e1 de la movilidad.<\/p>\n<p data-start=\"4779\" data-end=\"5210\">Por un lado, <strong data-start=\"4926\" data-end=\"4970\">mejora la productividad y la puntualidad<\/strong>, ya que las personas trabajadoras llegan a tiempo y con menor estr\u00e9s. Por otro, <strong data-start=\"5053\" data-end=\"5116\">reduce los costes asociados al aparcamiento y la congesti\u00f3n<\/strong>, libera espacio para nuevos usos y mejora la imagen corporativa de las empresas implicadas.<\/p>\n<p data-start=\"5212\" data-end=\"5554\">Desde un punto de vista ambiental, las reducciones de emisiones contaminantes son significativas: menos coches, menos ruido y una mejor calidad del aire en el entorno laboral. Y a nivel social, fomenta la <strong data-start=\"5419\" data-end=\"5448\">igualdad de oportunidades<\/strong>, permitiendo que personas sin veh\u00edculo propio puedan acceder al empleo en condiciones similares al resto.<\/p>\n<p data-start=\"5556\" data-end=\"5663\">En definitiva, invertir en movilidad laboral es invertir en <strong data-start=\"5616\" data-end=\"5662\">competitividad, bienestar y sostenibilidad<\/strong>.<\/p>\n<p data-start=\"3465\" data-end=\"3631\">Con m\u00e1s de 15 a\u00f1os de experiencia, en <strong data-start=\"5786\" data-end=\"5798\">Ingartek<\/strong> ayudamos a administraciones locales, asociaciones empresariales y compa\u00f1\u00edas privadas a <strong data-start=\"5886\" data-end=\"5972\">diagnosticar y mejorar la movilidad en centros de trabajo<\/strong>. <strong data-start=\"7361\" data-end=\"7417\"><a class=\"decorated-link\" href=\"https:\/\/www.ingartek.com\/es\/contacto\/?utm_source=chatgpt.com\" target=\"_new\" rel=\"noopener\" data-start=\"7363\" data-end=\"7415\">Cont\u00e1ctanos<\/a><\/strong> y descubre c\u00f3mo podemos ayudarte a convertir la movilidad laboral en tu organizaci\u00f3n.<\/p>\n","protected":false},"excerpt":{"rendered":"<p>Cada d\u00eda, miles de personas se desplazan hacia los pol\u00edgonos industriales y parques empresariales de todo el pa\u00eds. Sin embargo, en la mayor\u00eda de los casos, esos trayectos se realizan en veh\u00edculo privado, por falta de alternativas reales. Las consecuencias&#8230;<\/p>\n","protected":false},"author":2,"featured_media":0,"comment_status":"closed","ping_status":"open","sticky":false,"template":"","format":"standard","meta":{"content-type":"","footnotes":""},"categories":[124],"tags":[],"class_list":["post-33460","post","type-post","status-publish","format-standard","hentry","category-noticias"],"_links":{"self":[{"href":"https:\/\/www.ingartek.com\/es\/wp-json\/wp\/v2\/posts\/33460","targetHints":{"allow":["GET"]}}],"collection":[{"href":"https:\/\/www.ingartek.com\/es\/wp-json\/wp\/v2\/posts"}],"about":[{"href":"https:\/\/www.ingartek.com\/es\/wp-json\/wp\/v2\/types\/post"}],"author":[{"embeddable":true,"href":"https:\/\/www.ingartek.com\/es\/wp-json\/wp\/v2\/users\/2"}],"replies":[{"embeddable":true,"href":"https:\/\/www.ingartek.com\/es\/wp-json\/wp\/v2\/comments?post=33460"}],"version-history":[{"count":0,"href":"https:\/\/www.ingartek.com\/es\/wp-json\/wp\/v2\/posts\/33460\/revisions"}],"wp:attachment":[{"href":"https:\/\/www.ingartek.com\/es\/wp-json\/wp\/v2\/media?parent=33460"}],"wp:term":[{"taxonomy":"category","embeddable":true,"href":"https:\/\/www.ingartek.com\/es\/wp-json\/wp\/v2\/categories?post=33460"},{"taxonomy":"post_tag","embeddable":true,"href":"https:\/\/www.ingartek.com\/es\/wp-json\/wp\/v2\/tags?post=33460"}],"curies":[{"name":"wp","href":"https:\/\/api.w.org\/{rel}","templated":true}]}}