{"id":33229,"date":"2025-06-24T08:00:41","date_gmt":"2025-06-24T07:00:41","guid":{"rendered":"https:\/\/www.ingartek.com\/?p=33229"},"modified":"2025-07-03T12:21:24","modified_gmt":"2025-07-03T11:21:24","slug":"webinar-como-hacer-que-un-plan-de-movilidad-al-trabajo-funcione-de-verdad","status":"publish","type":"post","link":"https:\/\/www.ingartek.com\/es\/webinar-como-hacer-que-un-plan-de-movilidad-al-trabajo-funcione-de-verdad\/","title":{"rendered":"Webinar: C\u00f3mo hacer que un Plan de Movilidad al Trabajo funcione de verdad"},"content":{"rendered":"<p>Cada vez m\u00e1s organizaciones desarrollan un <b>Plan de Movilidad al Centro de Trabajo (PMCT)<\/b> con el objetivo de fomentar desplazamientos m\u00e1s sostenibles, reducir el uso del veh\u00edculo privado y facilitar el acceso a sus instalaciones. Pero una vez aprobado, muchos de estos planes no llegan a ponerse en marcha, o lo hacen de forma muy limitada. Las medidas se quedan sin uso, las plazas reservadas para coche compartido se vac\u00edan y los h\u00e1bitos de movilidad no cambian.<\/p>\n<p>Por eso, en <b>Ingartek<\/b> organizamos este webinar, en el que compartimos reflexiones pr\u00e1cticas, aprendizajes y herramientas para <b>activar de verdad un PMCT<\/b>. El objetivo: ayudar a que las empresas pasen de la planificaci\u00f3n a la acci\u00f3n, y que sus esfuerzos tengan resultados reales.<\/p>\n<p>Trabajamos precisamente en eso: activar planes de movilidad con datos, tecnolog\u00eda y sentido pr\u00e1ctico. No se trata solo de cumplir, sino de generar beneficios reales para las personas y la organizaci\u00f3n: accesos m\u00e1s c\u00f3modos, menos congesti\u00f3n, ahorro en costes operativos y mejora del clima laboral.<\/p>\n<p>Reproduce el webinar completo aqu\u00ed y descubre c\u00f3mo dar el siguiente paso.<\/p>\n<div style=\"padding: 56.25% 0 0 0; position: relative;\"><iframe style=\"position: absolute; top: 0; left: 0; width: 100%; height: 100%;\" title=\"Ingartek_webinar_19_06_2025\" src=\"https:\/\/player.vimeo.com\/video\/1094707785?badge=0&amp;autopause=0&amp;player_id=0&amp;app_id=58479\" frameborder=\"0\"><\/iframe><\/div>\n<p><script src=\"https:\/\/player.vimeo.com\/api\/player.js\"><\/script><\/p>\n","protected":false},"excerpt":{"rendered":"<p>Cada vez m\u00e1s organizaciones desarrollan un Plan de Movilidad al Centro de Trabajo (PMCT) con el objetivo de fomentar desplazamientos m\u00e1s sostenibles, reducir el uso del veh\u00edculo privado y facilitar el acceso a sus instalaciones. Pero una vez aprobado, muchos&#8230;<\/p>\n","protected":false},"author":7,"featured_media":0,"comment_status":"closed","ping_status":"open","sticky":false,"template":"","format":"standard","meta":{"content-type":"","footnotes":""},"categories":[124,1674],"tags":[2012,2005,1700,1692],"class_list":["post-33229","post","type-post","status-publish","format-standard","hentry","category-noticias","category-planes-de-movilidad-al-trabajo","tag-activar-de-verdad-un-pmct","tag-activar-pmct-con-datos","tag-implementacion-pmct","tag-plan-de-movilidad-al-centro-de-trabajo"],"_links":{"self":[{"href":"https:\/\/www.ingartek.com\/es\/wp-json\/wp\/v2\/posts\/33229","targetHints":{"allow":["GET"]}}],"collection":[{"href":"https:\/\/www.ingartek.com\/es\/wp-json\/wp\/v2\/posts"}],"about":[{"href":"https:\/\/www.ingartek.com\/es\/wp-json\/wp\/v2\/types\/post"}],"author":[{"embeddable":true,"href":"https:\/\/www.ingartek.com\/es\/wp-json\/wp\/v2\/users\/7"}],"replies":[{"embeddable":true,"href":"https:\/\/www.ingartek.com\/es\/wp-json\/wp\/v2\/comments?post=33229"}],"version-history":[{"count":0,"href":"https:\/\/www.ingartek.com\/es\/wp-json\/wp\/v2\/posts\/33229\/revisions"}],"wp:attachment":[{"href":"https:\/\/www.ingartek.com\/es\/wp-json\/wp\/v2\/media?parent=33229"}],"wp:term":[{"taxonomy":"category","embeddable":true,"href":"https:\/\/www.ingartek.com\/es\/wp-json\/wp\/v2\/categories?post=33229"},{"taxonomy":"post_tag","embeddable":true,"href":"https:\/\/www.ingartek.com\/es\/wp-json\/wp\/v2\/tags?post=33229"}],"curies":[{"name":"wp","href":"https:\/\/api.w.org\/{rel}","templated":true}]}}