{"id":33196,"date":"2025-06-04T09:31:54","date_gmt":"2025-06-04T08:31:54","guid":{"rendered":"https:\/\/www.ingartek.com\/?p=33196"},"modified":"2025-07-01T10:38:25","modified_gmt":"2025-07-01T09:38:25","slug":"webinar-sobre-planes-de-movilidad-al-centro-de-trabajo-en-organismos-publicos-normativa-aplicacion-interna-y-casos-reales","status":"publish","type":"post","link":"https:\/\/www.ingartek.com\/es\/webinar-sobre-planes-de-movilidad-al-centro-de-trabajo-en-organismos-publicos-normativa-aplicacion-interna-y-casos-reales\/","title":{"rendered":"Webinar sobre Planes de Movilidad al Centro de Trabajo en organismos p\u00fablicos: normativa, aplicaci\u00f3n interna y casos reales"},"content":{"rendered":"<div>\n<p>La semana pasada, desde Ingartek organizamos un webinar centrado en el papel que deben asumir los organismos p\u00fablicos en materia de movilidad sostenible, comenzando por la implantaci\u00f3n de <b>Planes de Movilidad al Centro de Trabajo (PMCT) en sus propias sedes y estructuras internas.<\/b><\/p>\n<p>A lo largo de la sesi\u00f3n abordamos el marco normativo vigente, que establece la necesidad de que las organizaciones p\u00fablicas elaboren e implementen sus propios planes de movilidad, con el objetivo de reducir el uso del veh\u00edculo privado, disminuir emisiones, mejorar la calidad del aire y favorecer entornos laborales m\u00e1s saludables y accesibles.<\/p>\n<p>Presentamos una metodolog\u00eda estructurada para llevar a cabo un PMCT, desde la fase de diagn\u00f3stico y an\u00e1lisis de los patrones de desplazamiento del personal, hasta la propuesta de medidas y la planificaci\u00f3n de su implementaci\u00f3n y seguimiento. Se trat\u00f3 tambi\u00e9n el papel de la administraci\u00f3n como agente ejemplarizante y la importancia de integrar estos planes en las pol\u00edticas internas de sostenibilidad y recursos humanos.<\/p>\n<p>El webinar incluy\u00f3 la exposici\u00f3n de casos reales de entidades p\u00fablicas que ya han iniciado este proceso, permitiendo conocer enfoques diversos y resultados obtenidos en contextos institucionales distintos.<\/p>\n<p>Desde Ingartek estamos a disposici\u00f3n de los organismos p\u00fablicos que necesiten apoyo para la elaboraci\u00f3n e implementaci\u00f3n de su Plan de Movilidad al Centro de Trabajo. <b>Acompa\u00f1amos a las instituciones en todas las fases del proceso, desde el diagn\u00f3stico inicial hasta la definici\u00f3n de medidas y su puesta en marcha,<\/b> con el objetivo de facilitar una transici\u00f3n realista y efectiva hacia una movilidad m\u00e1s sostenible dentro del propio entorno laboral.<\/p>\n<\/div>\n<div style=\"padding: 56.25% 0 0 0; position: relative;\"><iframe style=\"position: absolute; top: 0; left: 0; width: 100%; height: 100%;\" title=\"Ingartek_webinar_01_06_2025\" src=\"https:\/\/player.vimeo.com\/video\/1089672184?h=6071b7f103&amp;badge=0&amp;autopause=0&amp;player_id=0&amp;app_id=58479\" frameborder=\"0\"><\/iframe><\/div>\n<p><script src=\"https:\/\/player.vimeo.com\/api\/player.js\"><\/script><\/p>\n","protected":false},"excerpt":{"rendered":"<p>La semana pasada, desde Ingartek organizamos un webinar centrado en el papel que deben asumir los organismos p\u00fablicos en materia de movilidad sostenible, comenzando por la implantaci\u00f3n de Planes de Movilidad al Centro de Trabajo (PMCT) en sus propias sedes&#8230;<\/p>\n","protected":false},"author":7,"featured_media":0,"comment_status":"closed","ping_status":"open","sticky":false,"template":"","format":"standard","meta":{"content-type":"","footnotes":""},"categories":[124],"tags":[],"class_list":["post-33196","post","type-post","status-publish","format-standard","hentry","category-noticias"],"_links":{"self":[{"href":"https:\/\/www.ingartek.com\/es\/wp-json\/wp\/v2\/posts\/33196","targetHints":{"allow":["GET"]}}],"collection":[{"href":"https:\/\/www.ingartek.com\/es\/wp-json\/wp\/v2\/posts"}],"about":[{"href":"https:\/\/www.ingartek.com\/es\/wp-json\/wp\/v2\/types\/post"}],"author":[{"embeddable":true,"href":"https:\/\/www.ingartek.com\/es\/wp-json\/wp\/v2\/users\/7"}],"replies":[{"embeddable":true,"href":"https:\/\/www.ingartek.com\/es\/wp-json\/wp\/v2\/comments?post=33196"}],"version-history":[{"count":0,"href":"https:\/\/www.ingartek.com\/es\/wp-json\/wp\/v2\/posts\/33196\/revisions"}],"wp:attachment":[{"href":"https:\/\/www.ingartek.com\/es\/wp-json\/wp\/v2\/media?parent=33196"}],"wp:term":[{"taxonomy":"category","embeddable":true,"href":"https:\/\/www.ingartek.com\/es\/wp-json\/wp\/v2\/categories?post=33196"},{"taxonomy":"post_tag","embeddable":true,"href":"https:\/\/www.ingartek.com\/es\/wp-json\/wp\/v2\/tags?post=33196"}],"curies":[{"name":"wp","href":"https:\/\/api.w.org\/{rel}","templated":true}]}}