{"id":32885,"date":"2025-03-18T09:00:00","date_gmt":"2025-03-18T08:00:00","guid":{"rendered":"https:\/\/www.ingartek.com\/?p=32885"},"modified":"2025-03-26T16:05:40","modified_gmt":"2025-03-26T15:05:40","slug":"la-importancia-de-la-infraestructura-para-vehiculos-electricos-en-zonas-urbanas","status":"publish","type":"post","link":"https:\/\/www.ingartek.com\/es\/la-importancia-de-la-infraestructura-para-vehiculos-electricos-en-zonas-urbanas\/","title":{"rendered":"La importancia de la infraestructura para veh\u00edculos el\u00e9ctricos en zonas urbanas"},"content":{"rendered":"<p>La transici\u00f3n hacia una <b>movilidad el\u00e9ctrica<\/b> en las ciudades depende en gran medida de la infraestructura de <b>carga para veh\u00edculos el\u00e9ctricos<\/b>. Sin una red adecuada de estaciones de carga, la adopci\u00f3n masiva de veh\u00edculos el\u00e9ctricos (VE) se ve limitada, lo que afecta directamente a los esfuerzos por reducir las emisiones de gases contaminantes y promover una <b>movilidad urbana sostenible<\/b>.<\/p>\n<p>Las ciudades necesitan planificar e implementar de manera estrat\u00e9gica la ubicaci\u00f3n de las estaciones de carga, teniendo en cuenta la <b>demanda de veh\u00edculos el\u00e9ctricos<\/b> y las zonas de alta concentraci\u00f3n de usuarios. Adem\u00e1s, las estaciones deben estar equipadas con tecnolog\u00eda de carga r\u00e1pida para minimizar los tiempos de espera y mejorar la experiencia de los conductores.<\/p>\n<p>Para las empresas, la instalaci\u00f3n de estaciones de carga en sus instalaciones no solo contribuye a la sostenibilidad, sino que tambi\u00e9n puede ser un factor atractivo para los empleados que usan veh\u00edculos el\u00e9ctricos. Adem\u00e1s, ofrecer esta infraestructura puede ser una ventaja competitiva en el proceso de transici\u00f3n hacia un modelo de movilidad m\u00e1s verde.<\/p>\n","protected":false},"excerpt":{"rendered":"<p>La transici\u00f3n hacia una movilidad el\u00e9ctrica en las ciudades depende en gran medida de la infraestructura de carga para veh\u00edculos el\u00e9ctricos. Sin una red adecuada de estaciones de carga, la adopci\u00f3n masiva de veh\u00edculos el\u00e9ctricos (VE) se ve limitada, lo&#8230;<\/p>\n","protected":false},"author":7,"featured_media":0,"comment_status":"closed","ping_status":"open","sticky":false,"template":"","format":"standard","meta":{"content-type":"","footnotes":""},"categories":[124],"tags":[1990,997,425],"class_list":["post-32885","post","type-post","status-publish","format-standard","hentry","category-noticias","tag-infraestructura-de-carga-para-vehiculos-electricos","tag-movilidad-electrica","tag-movilidad-urbana-sostenible"],"_links":{"self":[{"href":"https:\/\/www.ingartek.com\/es\/wp-json\/wp\/v2\/posts\/32885","targetHints":{"allow":["GET"]}}],"collection":[{"href":"https:\/\/www.ingartek.com\/es\/wp-json\/wp\/v2\/posts"}],"about":[{"href":"https:\/\/www.ingartek.com\/es\/wp-json\/wp\/v2\/types\/post"}],"author":[{"embeddable":true,"href":"https:\/\/www.ingartek.com\/es\/wp-json\/wp\/v2\/users\/7"}],"replies":[{"embeddable":true,"href":"https:\/\/www.ingartek.com\/es\/wp-json\/wp\/v2\/comments?post=32885"}],"version-history":[{"count":0,"href":"https:\/\/www.ingartek.com\/es\/wp-json\/wp\/v2\/posts\/32885\/revisions"}],"wp:attachment":[{"href":"https:\/\/www.ingartek.com\/es\/wp-json\/wp\/v2\/media?parent=32885"}],"wp:term":[{"taxonomy":"category","embeddable":true,"href":"https:\/\/www.ingartek.com\/es\/wp-json\/wp\/v2\/categories?post=32885"},{"taxonomy":"post_tag","embeddable":true,"href":"https:\/\/www.ingartek.com\/es\/wp-json\/wp\/v2\/tags?post=32885"}],"curies":[{"name":"wp","href":"https:\/\/api.w.org\/{rel}","templated":true}]}}