{"id":32879,"date":"2025-03-26T15:52:37","date_gmt":"2025-03-26T14:52:37","guid":{"rendered":"https:\/\/www.ingartek.com\/?p=32879"},"modified":"2025-03-26T16:05:40","modified_gmt":"2025-03-26T15:05:40","slug":"webinar-transforma-tu-empresa-con-planes-de-movilidad-eficientes","status":"publish","type":"post","link":"https:\/\/www.ingartek.com\/es\/webinar-transforma-tu-empresa-con-planes-de-movilidad-eficientes\/","title":{"rendered":"Webinar: transforma tu empresa con planes de movilidad eficientes"},"content":{"rendered":"<p>La movilidad al centro de trabajo se ha convertido en un aspecto fundamental en el d\u00eda a d\u00eda de muchas empresas, especialmente en un contexto donde la sostenibilidad, la flexibilidad y la eficiencia cobran cada vez mayor relevancia. Los planes de movilidad laboral no solo ayudan a optimizar los desplazamientos, sino que tambi\u00e9n contribuyen a mejorar la calidad de vida de los empleados y a cumplir con las normativas medioambientales cada vez m\u00e1s estrictas.<\/p>\n<p>Estos planes buscan soluciones personalizadas para cada organizaci\u00f3n, considerando factores como la ubicaci\u00f3n de la empresa, los medios de transporte disponibles, la reducci\u00f3n de la huella de carbono y la mejora de la accesibilidad. Implementar un plan de movilidad adecuado no solo es beneficioso para el bienestar de los empleados, sino que tambi\u00e9n tiene un impacto positivo en la productividad y en la imagen corporativa de la empresa.<\/p>\n<p>En este contexto, <b>Ingartek<\/b> organiz\u00f3 un webinar, donde discutimos de manera detallada los aspectos clave de los planes de movilidad al centro de trabajo. Durante la sesi\u00f3n, hablamos sobre c\u00f3mo dise\u00f1ar un plan efectivo, qu\u00e9 herramientas y recursos son necesarios, y c\u00f3mo las empresas pueden adaptarse a los nuevos desaf\u00edos en cuanto a la movilidad laboral.<\/p>\n<p>Si te lo perdiste o deseas repasar los puntos tratados, te invitamos a ver el <b>v\u00eddeo completo del webinar.<\/b><\/p>\n<div style=\"padding: 56.25% 0 0 0; position: relative;\"><iframe style=\"position: absolute; top: 0; left: 0; width: 100%; height: 100%;\" title=\"ingartek_webinar_20_03_25\" src=\"https:\/\/player.vimeo.com\/video\/1068021672?badge=0&amp;autopause=0&amp;player_id=0&amp;app_id=58479\" frameborder=\"0\"><\/iframe><\/div>\n<p><script src=\"https:\/\/player.vimeo.com\/api\/player.js\"><\/script><\/p>\n","protected":false},"excerpt":{"rendered":"<p>La movilidad al centro de trabajo se ha convertido en un aspecto fundamental en el d\u00eda a d\u00eda de muchas empresas, especialmente en un contexto donde la sostenibilidad, la flexibilidad y la eficiencia cobran cada vez mayor relevancia. Los planes&#8230;<\/p>\n","protected":false},"author":7,"featured_media":0,"comment_status":"closed","ping_status":"open","sticky":false,"template":"","format":"standard","meta":{"content-type":"","footnotes":""},"categories":[124],"tags":[1982,1708,705],"class_list":["post-32879","post","type-post","status-publish","format-standard","hentry","category-noticias","tag-movilidad-laboral-eficiente","tag-planes-de-movilidad-al-centro-de-trabajo","tag-webinar"],"_links":{"self":[{"href":"https:\/\/www.ingartek.com\/es\/wp-json\/wp\/v2\/posts\/32879","targetHints":{"allow":["GET"]}}],"collection":[{"href":"https:\/\/www.ingartek.com\/es\/wp-json\/wp\/v2\/posts"}],"about":[{"href":"https:\/\/www.ingartek.com\/es\/wp-json\/wp\/v2\/types\/post"}],"author":[{"embeddable":true,"href":"https:\/\/www.ingartek.com\/es\/wp-json\/wp\/v2\/users\/7"}],"replies":[{"embeddable":true,"href":"https:\/\/www.ingartek.com\/es\/wp-json\/wp\/v2\/comments?post=32879"}],"version-history":[{"count":0,"href":"https:\/\/www.ingartek.com\/es\/wp-json\/wp\/v2\/posts\/32879\/revisions"}],"wp:attachment":[{"href":"https:\/\/www.ingartek.com\/es\/wp-json\/wp\/v2\/media?parent=32879"}],"wp:term":[{"taxonomy":"category","embeddable":true,"href":"https:\/\/www.ingartek.com\/es\/wp-json\/wp\/v2\/categories?post=32879"},{"taxonomy":"post_tag","embeddable":true,"href":"https:\/\/www.ingartek.com\/es\/wp-json\/wp\/v2\/tags?post=32879"}],"curies":[{"name":"wp","href":"https:\/\/api.w.org\/{rel}","templated":true}]}}