{"id":32356,"date":"2025-01-02T10:22:50","date_gmt":"2025-01-02T09:22:50","guid":{"rendered":"https:\/\/www.ingartek.com\/?p=32356"},"modified":"2025-03-26T16:05:42","modified_gmt":"2025-03-26T15:05:42","slug":"la-transformacion-de-la-movilidad-en-el-area-metropolitana-de-bilbao","status":"publish","type":"post","link":"https:\/\/www.ingartek.com\/es\/la-transformacion-de-la-movilidad-en-el-area-metropolitana-de-bilbao\/","title":{"rendered":"Webinar: La transformaci\u00f3n de la movilidad en el \u00e1rea metropolitana de Bilbao"},"content":{"rendered":"<p>El pasado 19 de diciembre, Ingartek organiz\u00f3 un webinar titulado \u00abEl cambio de la movilidad en el \u00e1rea metropolitana de Bilbao\u00bb, donde analizamos las transformaciones m\u00e1s relevantes que han definido la movilidad en Bilbao y sus alrededores en las \u00faltimas d\u00e9cadas. Contamos con la participaci\u00f3n de Carlos Alonso, Innovation &amp; Technology Manager de <a href=\"https:\/\/www.bm30.eus\/\" target=\"_blank\" rel=\"noopener nofollow\">Bilbao Metropoli 30<\/a>, quien comparti\u00f3 su experiencia y conocimientos sobre esta evoluci\u00f3n.<\/p>\n<p><b>Una movilidad en constante transformaci\u00f3n<\/b><\/p>\n<p>Bilbao y su \u00e1rea metropolitana han sido un referente de cambio en movilidad urbana. La construcci\u00f3n de nuevas infraestructuras como el metro, la regeneraci\u00f3n de espacios p\u00fablicos y el impulso a pol\u00edticas sostenibles han redibujado la forma en que los ciudadanos se desplazan y disfrutan de la ciudad.<\/p>\n<p>Carlos Alonso destac\u00f3 c\u00f3mo estas iniciativas han permitido una transici\u00f3n hacia un modelo m\u00e1s sostenible y accesible, a la vez que han planteado importantes retos, como la integraci\u00f3n de nuevas tecnolog\u00edas, la mejora de la conectividad multimodal y la reducci\u00f3n de emisiones. Durante el webinar, se abordaron los siguientes temas clave:<\/p>\n<ul>\n<li aria-level=\"1\">El impacto de las infraestructuras en la vida cotidiana: C\u00f3mo proyectos emblem\u00e1ticos han transformado la movilidad.<\/li>\n<li aria-level=\"1\">Sostenibilidad y movilidad activa: La recuperaci\u00f3n de espacios para peatones y ciclistas como parte del compromiso ambiental.<\/li>\n<li aria-level=\"1\">Retos futuros: Qu\u00e9 desaf\u00edos plantea el crecimiento urbano y c\u00f3mo se puede garantizar una movilidad inclusiva y eficiente.<\/li>\n<\/ul>\n<p>Este encuentro ofreci\u00f3 una visi\u00f3n amplia de c\u00f3mo las estrategias de movilidad en el \u00e1rea metropolitana de Bilbao han logrado equilibrar desarrollo urbano, sostenibilidad y bienestar ciudadano.<\/p>\n<p>Si no pudiste asistir o quieres volver a ver los contenidos tratados, puedes acceder al v\u00eddeo completo del webinar.<\/p>\n<div style=\"padding: 56.25% 0 0 0; position: relative;\"><iframe style=\"position: absolute; top: 0; left: 0; width: 100%; height: 100%;\" title=\"Ingartek: La transformaci\u00f3n de la movilidad en el \u00e1rea metropolitana de Bilbao\" src=\"https:\/\/player.vimeo.com\/video\/1041095896?badge=0&amp;autopause=0&amp;player_id=0&amp;app_id=58479\" frameborder=\"0\"><\/iframe><\/div>\n<p><script src=\"https:\/\/player.vimeo.com\/api\/player.js\"><\/script><\/p>\n<p>&nbsp;<\/p>\n","protected":false},"excerpt":{"rendered":"<p>El pasado 19 de diciembre, Ingartek organiz\u00f3 un webinar titulado \u00abEl cambio de la movilidad en el \u00e1rea metropolitana de Bilbao\u00bb, donde analizamos las transformaciones m\u00e1s relevantes que han definido la movilidad en Bilbao y sus alrededores en las \u00faltimas&#8230;<\/p>\n","protected":false},"author":7,"featured_media":0,"comment_status":"closed","ping_status":"open","sticky":false,"template":"","format":"standard","meta":{"content-type":"","footnotes":""},"categories":[124,1431,1432,1979],"tags":[1950,1951,1949,1947,1948],"class_list":["post-32356","post","type-post","status-publish","format-standard","hentry","category-noticias","category-estudios-de-movilidad","category-planificacion-urbana","category-webinar","tag-crecimiento-urbano","tag-estrategias-de-movilidad","tag-impacto-de-las-infraestructuras","tag-movilidad-bilbao","tag-sostenibilidad-y-movilidad-activa"],"_links":{"self":[{"href":"https:\/\/www.ingartek.com\/es\/wp-json\/wp\/v2\/posts\/32356","targetHints":{"allow":["GET"]}}],"collection":[{"href":"https:\/\/www.ingartek.com\/es\/wp-json\/wp\/v2\/posts"}],"about":[{"href":"https:\/\/www.ingartek.com\/es\/wp-json\/wp\/v2\/types\/post"}],"author":[{"embeddable":true,"href":"https:\/\/www.ingartek.com\/es\/wp-json\/wp\/v2\/users\/7"}],"replies":[{"embeddable":true,"href":"https:\/\/www.ingartek.com\/es\/wp-json\/wp\/v2\/comments?post=32356"}],"version-history":[{"count":0,"href":"https:\/\/www.ingartek.com\/es\/wp-json\/wp\/v2\/posts\/32356\/revisions"}],"wp:attachment":[{"href":"https:\/\/www.ingartek.com\/es\/wp-json\/wp\/v2\/media?parent=32356"}],"wp:term":[{"taxonomy":"category","embeddable":true,"href":"https:\/\/www.ingartek.com\/es\/wp-json\/wp\/v2\/categories?post=32356"},{"taxonomy":"post_tag","embeddable":true,"href":"https:\/\/www.ingartek.com\/es\/wp-json\/wp\/v2\/tags?post=32356"}],"curies":[{"name":"wp","href":"https:\/\/api.w.org\/{rel}","templated":true}]}}