{"id":30690,"date":"2024-10-08T10:20:14","date_gmt":"2024-10-08T09:20:14","guid":{"rendered":"https:\/\/www.ingartek.com\/?p=30690"},"modified":"2025-03-26T16:05:44","modified_gmt":"2025-03-26T15:05:44","slug":"webinar-planes-de-movilidad-al-centro-de-trabajo-dirigidos-a-instituciones-publicas","status":"publish","type":"post","link":"https:\/\/www.ingartek.com\/es\/webinar-planes-de-movilidad-al-centro-de-trabajo-dirigidos-a-instituciones-publicas\/","title":{"rendered":"Webinar: Planes de movilidad al centro de trabajo dirigidos a instituciones p\u00fablicas"},"content":{"rendered":"<p>La semana pasada, en Ingartek organizamos un webinar para hablar sobre los <a href=\"https:\/\/www.ingartek.com\/es\/plan-de-movilidad-al-centro-de-trabajo\/\">Planes de Movilidad al Centro de Trabajo<\/a>, centr\u00e1ndonos en la responsabilidad que tienen las empresas en la implementaci\u00f3n de estrategias que fomenten una movilidad m\u00e1s sostenible. Durante la sesi\u00f3n, se abordaron las normativas actuales, as\u00ed como los beneficios que estas medidas aportan tanto a nivel empresarial como social.<\/p>\n<p>Adem\u00e1s de hablar sobre las normativas y beneficios, tambi\u00e9n se ofrecieron detalles sobre la <strong>obligatoriedad de implementar estos planes para las instituciones p\u00fablicas<\/strong>, proporcionando informaci\u00f3n adicional para ayudar a comprender mejor sus obligaciones y el cumplimiento legal.<\/p>\n<p>Para m\u00e1s informaci\u00f3n, no dudes en ponerte en <a href=\"https:\/\/www.ingartek.com\/es\/contacto\/\">contacto<\/a> con nosotros.<\/p>\n<p>Puedes ver el webinar completo aqu\u00ed:<\/p>\n<div style=\"padding: 56.25% 0 0 0; position: relative;\"><iframe style=\"position: absolute; top: 0; left: 0; width: 100%; height: 100%;\" title=\"Webinar_03_10_2024\" src=\"https:\/\/player.vimeo.com\/video\/1016031096?h=aca57e7cc1&amp;badge=0&amp;autopause=0&amp;player_id=0&amp;app_id=58479\" frameborder=\"0\"><\/iframe><\/div>\n<p><script src=\"https:\/\/player.vimeo.com\/api\/player.js\"><\/script><\/p>\n","protected":false},"excerpt":{"rendered":"<p>La semana pasada, en Ingartek organizamos un webinar para hablar sobre los Planes de Movilidad al Centro de Trabajo, centr\u00e1ndonos en la responsabilidad que tienen las empresas en la implementaci\u00f3n de estrategias que fomenten una movilidad m\u00e1s sostenible. Durante la&#8230;<\/p>\n","protected":false},"author":7,"featured_media":0,"comment_status":"closed","ping_status":"open","sticky":false,"template":"","format":"standard","meta":{"content-type":"","footnotes":""},"categories":[124,1674,1979],"tags":[1698,1943,1708],"class_list":["post-30690","post","type-post","status-publish","format-standard","hentry","category-noticias","category-planes-de-movilidad-al-trabajo","category-webinar","tag-beneficios-de-los-planes-de-movilidad-al-trabajo","tag-instituciones-publicas","tag-planes-de-movilidad-al-centro-de-trabajo"],"_links":{"self":[{"href":"https:\/\/www.ingartek.com\/es\/wp-json\/wp\/v2\/posts\/30690","targetHints":{"allow":["GET"]}}],"collection":[{"href":"https:\/\/www.ingartek.com\/es\/wp-json\/wp\/v2\/posts"}],"about":[{"href":"https:\/\/www.ingartek.com\/es\/wp-json\/wp\/v2\/types\/post"}],"author":[{"embeddable":true,"href":"https:\/\/www.ingartek.com\/es\/wp-json\/wp\/v2\/users\/7"}],"replies":[{"embeddable":true,"href":"https:\/\/www.ingartek.com\/es\/wp-json\/wp\/v2\/comments?post=30690"}],"version-history":[{"count":0,"href":"https:\/\/www.ingartek.com\/es\/wp-json\/wp\/v2\/posts\/30690\/revisions"}],"wp:attachment":[{"href":"https:\/\/www.ingartek.com\/es\/wp-json\/wp\/v2\/media?parent=30690"}],"wp:term":[{"taxonomy":"category","embeddable":true,"href":"https:\/\/www.ingartek.com\/es\/wp-json\/wp\/v2\/categories?post=30690"},{"taxonomy":"post_tag","embeddable":true,"href":"https:\/\/www.ingartek.com\/es\/wp-json\/wp\/v2\/tags?post=30690"}],"curies":[{"name":"wp","href":"https:\/\/api.w.org\/{rel}","templated":true}]}}