{"id":30231,"date":"2024-06-25T09:35:59","date_gmt":"2024-06-25T08:35:59","guid":{"rendered":"https:\/\/www.ingartek.com\/?p=30231"},"modified":"2025-03-26T16:05:46","modified_gmt":"2025-03-26T15:05:46","slug":"movilidad-inclusiva-disenando-ciudades-para-todos","status":"publish","type":"post","link":"https:\/\/www.ingartek.com\/es\/movilidad-inclusiva-disenando-ciudades-para-todos\/","title":{"rendered":"Movilidad Inclusiva: Dise\u00f1ando Ciudades para Todos"},"content":{"rendered":"<p>La <b>movilidad inclusiva<\/b> busca garantizar que todas y todos los ciudadanos, independientemente de sus capacidades f\u00edsicas o socioecon\u00f3micas, tengan acceso a <b>opciones de transporte seguras y eficientes<\/b>. La implementaci\u00f3n de pol\u00edticas y proyectos que integren las necesidades de todas y todos los ciudadanos es crucial en un contexto donde la desigualdad en el acceso a la movilidad puede perpetuar la exclusi\u00f3n social y limitar las oportunidades de desarrollo personal y profesional para muchas y muchos individuos. Esto implica<b> dise\u00f1ar infraestructuras que sean accesibles para personas con discapacidades, desarrollar soluciones de transporte asequibles y considerar las necesidades de grupos vulnerables<\/b> en la planificaci\u00f3n de la movilidad urbana.<\/p>\n<p>En <a href=\"https:\/\/www.ingartek.com\/es\/contacto\/\" target=\"_blank\" rel=\"noopener\">Ingartek<\/a>, nos dedicamos a promover la movilidad inclusiva mediante el desarrollo de pol\u00edticas y proyectos que integren las necesidades de todas y todos los ciudadanos. <a href=\"https:\/\/www.ingartek.com\/es\/auditorias-e-informes-de-servicio-de-transporte\/\" target=\"_blank\" rel=\"noopener\">Evaluamos la accesibilidad<\/a> de las infraestructuras existentes, <a href=\"https:\/\/www.ingartek.com\/es\/planes-estrategicos-de-movilidad-y-transporte\/\" target=\"_blank\" rel=\"noopener\">proponemos mejoras<\/a> y trabajamos con comunidades para entender sus desaf\u00edos espec\u00edficos. Adem\u00e1s, abogamos por la<b> inclusi\u00f3n de principios de dise\u00f1o universal<\/b> en todos los proyectos de movilidad, asegurando que las ciudades sean accesibles y acogedoras para todos y todas.<\/p>\n","protected":false},"excerpt":{"rendered":"<p>La movilidad inclusiva busca garantizar que todas y todos los ciudadanos, independientemente de sus capacidades f\u00edsicas o socioecon\u00f3micas, tengan acceso a opciones de transporte seguras y eficientes. La implementaci\u00f3n de pol\u00edticas y proyectos que integren las necesidades de todas y&#8230;<\/p>\n","protected":false},"author":7,"featured_media":0,"comment_status":"closed","ping_status":"open","sticky":false,"template":"","format":"standard","meta":{"content-type":"","footnotes":""},"categories":[124],"tags":[600,1867],"class_list":["post-30231","post","type-post","status-publish","format-standard","hentry","category-noticias","tag-accesibilidad-sostenible","tag-movilidad-inclusiva"],"_links":{"self":[{"href":"https:\/\/www.ingartek.com\/es\/wp-json\/wp\/v2\/posts\/30231","targetHints":{"allow":["GET"]}}],"collection":[{"href":"https:\/\/www.ingartek.com\/es\/wp-json\/wp\/v2\/posts"}],"about":[{"href":"https:\/\/www.ingartek.com\/es\/wp-json\/wp\/v2\/types\/post"}],"author":[{"embeddable":true,"href":"https:\/\/www.ingartek.com\/es\/wp-json\/wp\/v2\/users\/7"}],"replies":[{"embeddable":true,"href":"https:\/\/www.ingartek.com\/es\/wp-json\/wp\/v2\/comments?post=30231"}],"version-history":[{"count":0,"href":"https:\/\/www.ingartek.com\/es\/wp-json\/wp\/v2\/posts\/30231\/revisions"}],"wp:attachment":[{"href":"https:\/\/www.ingartek.com\/es\/wp-json\/wp\/v2\/media?parent=30231"}],"wp:term":[{"taxonomy":"category","embeddable":true,"href":"https:\/\/www.ingartek.com\/es\/wp-json\/wp\/v2\/categories?post=30231"},{"taxonomy":"post_tag","embeddable":true,"href":"https:\/\/www.ingartek.com\/es\/wp-json\/wp\/v2\/tags?post=30231"}],"curies":[{"name":"wp","href":"https:\/\/api.w.org\/{rel}","templated":true}]}}