{"id":29800,"date":"2024-05-28T12:34:33","date_gmt":"2024-05-28T11:34:33","guid":{"rendered":"https:\/\/www.ingartek.com\/?p=29800"},"modified":"2025-03-26T16:05:47","modified_gmt":"2025-03-26T15:05:47","slug":"el-transporte-a-la-demanda-como-complemento-regular-de-la-movilidad","status":"publish","type":"post","link":"https:\/\/www.ingartek.com\/es\/el-transporte-a-la-demanda-como-complemento-regular-de-la-movilidad\/","title":{"rendered":"Webinar: El transporte a la demanda como complemento regular de la movilidad"},"content":{"rendered":"<p>En este webinar informativo centrado en c\u00f3mo construir un sistema de movilidad integrado y digitalizado, los panelistas Rainer Uphoff, Fundador y CEO de Mufmi, y Franco Rosso, Regional Sales Lead Southern Europe de Ioki, profundizaron en c\u00f3mo actualmente, el transporte p\u00fablico regular y los servicios a la demanda se plantean a menudo como sistemas independientes.<\/p>\n<p>Los ponentes destacaron la importancia de la digitalizaci\u00f3n para optimizar los sistemas de transporte, y de su papel destacado en la creaci\u00f3n de un sistema de movilidad m\u00e1s cohesivo y efectivo, capaz de adaptarse a las necesidades cambiantes de la poblaci\u00f3n.<\/p>\n<p>Puedes ver el webinar completo aqu\u00ed:<\/p>\n<div style=\"padding:56.25% 0 0 0;position:relative;\"><iframe src=\"https:\/\/player.vimeo.com\/video\/951013712?h=8d20b2b450&amp;badge=0&amp;autopause=0&amp;player_id=0&amp;app_id=58479\" frameborder=\"0\" allow=\"autoplay; fullscreen; picture-in-picture; clipboard-write\" style=\"position:absolute;top:0;left:0;width:100%;height:100%;\" title=\"Webinar_23_05_24\"><\/iframe><\/div>\n<p><script src=\"https:\/\/player.vimeo.com\/api\/player.js\"><\/script><\/p>\n","protected":false},"excerpt":{"rendered":"<p>En este webinar informativo centrado en c\u00f3mo construir un sistema de movilidad integrado y digitalizado, los panelistas Rainer Uphoff, Fundador y CEO de Mufmi, y Franco Rosso, Regional Sales Lead Southern Europe de Ioki, profundizaron en c\u00f3mo actualmente, el transporte&#8230;<\/p>\n","protected":false},"author":7,"featured_media":0,"comment_status":"closed","ping_status":"open","sticky":false,"template":"","format":"standard","meta":{"content-type":"","footnotes":""},"categories":[124,1979],"tags":[],"class_list":["post-29800","post","type-post","status-publish","format-standard","hentry","category-noticias","category-webinar"],"_links":{"self":[{"href":"https:\/\/www.ingartek.com\/es\/wp-json\/wp\/v2\/posts\/29800","targetHints":{"allow":["GET"]}}],"collection":[{"href":"https:\/\/www.ingartek.com\/es\/wp-json\/wp\/v2\/posts"}],"about":[{"href":"https:\/\/www.ingartek.com\/es\/wp-json\/wp\/v2\/types\/post"}],"author":[{"embeddable":true,"href":"https:\/\/www.ingartek.com\/es\/wp-json\/wp\/v2\/users\/7"}],"replies":[{"embeddable":true,"href":"https:\/\/www.ingartek.com\/es\/wp-json\/wp\/v2\/comments?post=29800"}],"version-history":[{"count":0,"href":"https:\/\/www.ingartek.com\/es\/wp-json\/wp\/v2\/posts\/29800\/revisions"}],"wp:attachment":[{"href":"https:\/\/www.ingartek.com\/es\/wp-json\/wp\/v2\/media?parent=29800"}],"wp:term":[{"taxonomy":"category","embeddable":true,"href":"https:\/\/www.ingartek.com\/es\/wp-json\/wp\/v2\/categories?post=29800"},{"taxonomy":"post_tag","embeddable":true,"href":"https:\/\/www.ingartek.com\/es\/wp-json\/wp\/v2\/tags?post=29800"}],"curies":[{"name":"wp","href":"https:\/\/api.w.org\/{rel}","templated":true}]}}