{"id":29608,"date":"2024-05-13T11:04:11","date_gmt":"2024-05-13T10:04:11","guid":{"rendered":"https:\/\/www.ingartek.com\/?p=29608"},"modified":"2025-03-26T16:05:47","modified_gmt":"2025-03-26T15:05:47","slug":"webinar-plan-de-movilidad-al-centro-de-trabajo","status":"publish","type":"post","link":"https:\/\/www.ingartek.com\/es\/webinar-plan-de-movilidad-al-centro-de-trabajo\/","title":{"rendered":"Webinar: Plan de Movilidad al Centro de Trabajo"},"content":{"rendered":"<p>Webinar informativo sobre los Planes de Movilidad al Centro de Trabajo (PMCT), que abord\u00f3 la relevancia creciente de estos planes en el \u00e1mbito laboral, haciendo hincapi\u00e9 en temas como sus beneficios tanto para las y los empleados como para el entorno, en las ayudas disponibles para empresas que quieran implementar su propio plan y en las regulaciones vigentes.<\/p>\n<p>Durante el webinar se exploraron estrategias pr\u00e1cticas para su implementaci\u00f3n, como el fomento del transporte p\u00fablico y la promoci\u00f3n del uso de bicicletas, as\u00ed como la necesidad de la participaci\u00f3n activa de empleados y empresas en este proceso. Agradecemos a todas y todos los participantes por unirse a nosotros en esta sesi\u00f3n informativa y esperamos continuar apoyando sus necesidades con soluciones avanzadas y precisas.<\/p>\n<p>Puedes ver el webinar completo aqu\u00ed:<\/p>\n<div style=\"padding: 56.25% 0 0 0; position: relative;\"><iframe style=\"position: absolute; top: 0; left: 0; width: 100%; height: 100%;\" title=\"Webinar: Plan de Movilidad al Centro de Trabajo\" src=\"https:\/\/player.vimeo.com\/video\/944750469?badge=0&amp;autopause=0&amp;player_id=0&amp;app_id=58479\" frameborder=\"0\"><\/iframe><\/div>\n<p><script src=\"https:\/\/player.vimeo.com\/api\/player.js\"><\/script><\/p>\n<p>&nbsp;<\/p>\n","protected":false},"excerpt":{"rendered":"<p>Webinar informativo sobre los Planes de Movilidad al Centro de Trabajo (PMCT), que abord\u00f3 la relevancia creciente de estos planes en el \u00e1mbito laboral, haciendo hincapi\u00e9 en temas como sus beneficios tanto para las y los empleados como para el&#8230;<\/p>\n","protected":false},"author":7,"featured_media":0,"comment_status":"closed","ping_status":"open","sticky":false,"template":"","format":"standard","meta":{"content-type":"","footnotes":""},"categories":[124,1674,1979],"tags":[1700,1690,1692,1361,1360,705],"class_list":["post-29608","post","type-post","status-publish","format-standard","hentry","category-noticias","category-planes-de-movilidad-al-trabajo","category-webinar","tag-implementacion-pmct","tag-plan-de-movilidad","tag-plan-de-movilidad-al-centro-de-trabajo","tag-plan-de-movilidad-al-trabajo","tag-pmct","tag-webinar"],"_links":{"self":[{"href":"https:\/\/www.ingartek.com\/es\/wp-json\/wp\/v2\/posts\/29608","targetHints":{"allow":["GET"]}}],"collection":[{"href":"https:\/\/www.ingartek.com\/es\/wp-json\/wp\/v2\/posts"}],"about":[{"href":"https:\/\/www.ingartek.com\/es\/wp-json\/wp\/v2\/types\/post"}],"author":[{"embeddable":true,"href":"https:\/\/www.ingartek.com\/es\/wp-json\/wp\/v2\/users\/7"}],"replies":[{"embeddable":true,"href":"https:\/\/www.ingartek.com\/es\/wp-json\/wp\/v2\/comments?post=29608"}],"version-history":[{"count":0,"href":"https:\/\/www.ingartek.com\/es\/wp-json\/wp\/v2\/posts\/29608\/revisions"}],"wp:attachment":[{"href":"https:\/\/www.ingartek.com\/es\/wp-json\/wp\/v2\/media?parent=29608"}],"wp:term":[{"taxonomy":"category","embeddable":true,"href":"https:\/\/www.ingartek.com\/es\/wp-json\/wp\/v2\/categories?post=29608"},{"taxonomy":"post_tag","embeddable":true,"href":"https:\/\/www.ingartek.com\/es\/wp-json\/wp\/v2\/tags?post=29608"}],"curies":[{"name":"wp","href":"https:\/\/api.w.org\/{rel}","templated":true}]}}