{"id":27585,"date":"2023-11-08T10:33:37","date_gmt":"2023-11-08T09:33:37","guid":{"rendered":"https:\/\/www.ingartek.com\/?p=27585"},"modified":"2025-03-26T16:05:52","modified_gmt":"2025-03-26T15:05:52","slug":"webinars-sobre-movilidad-y-transporte-en-noviembre","status":"publish","type":"post","link":"https:\/\/www.ingartek.com\/es\/webinars-sobre-movilidad-y-transporte-en-noviembre\/","title":{"rendered":"Webinars sobre movilidad y transporte en noviembre"},"content":{"rendered":"<p>En <strong><a href=\"https:\/\/www.ingartek.com\/es\/\">Ingartek<\/a> <\/strong>hemos organizado dos webinars sobre <a href=\"https:\/\/www.ingartek.com\/es\/zonas-de-bajas-emisiones\/\"><strong>zonas de bajas emisiones<\/strong><\/a> y la <strong>electrificaci\u00f3n de la movilidad<\/strong> para el mes de noviembre, \u00a1y no te los puedes perder!<\/p>\n<p><a href=\"https:\/\/www.ingartek.com\/es\/\">Ingartek <\/a>es una consultora de\u00a0<a href=\"https:\/\/www.ingartek.com\/es\/\" target=\"_blank\" rel=\"noopener\">movilidad y transporte<\/a>, y realiza Planes Estrat\u00e9gicos de Movilidad y Transporte, <a href=\"https:\/\/www.ingartek.com\/es\/planes-de-movilidad-al-trabajo\/\">Planes de Movilidad al Centro de Trabajo<\/a>, <a href=\"https:\/\/www.ingartek.com\/es\/estudios-de-movilidad-y-trafico\/\">Estudios de Movilidad<\/a>, Auditor\u00edas de Servicios de Transporte, etc.<\/p>\n<p>Echa un vistazo a los webinars sobre movilidad y transporte que Ingartek ha organizado para noviembre del 2023, \u00a1e inscr\u00edbete!<\/p>\n<h2>Webinar: An\u00e1lisis de las Zonas de Bajas Emisiones en Barcelona<\/h2>\n<p>En este webinar Ingartek, en colaboraci\u00f3n con el \u00c1rea Metropolitana de Barcelona y el Insitut Metr\u00f3poli analizar\u00e1 las<strong><a href=\"https:\/\/www.ingartek.com\/es\/zonas-de-bajas-emisiones\/\"> zonas de bajas emisiones<\/a> de Barcelona. <\/strong>Ser\u00e1 el <strong>23 de noviembre, a las 12:00,<\/strong> y los ponentes ser\u00e1n los siguientes: Jordi Jov\u00e9, \u00c1rea Metropolitana de Barcelona, David Andr\u00e9s y N\u00faria P\u00e9rez, Institut Metr\u00f2poli, y Sergio Barre\u00f1a de Ingartek.<\/p>\n<h2>Webinar: An\u00e1lisis del mercado asi\u00e1tico de autobuses el\u00e9ctricos<\/h2>\n<p>En este webinar, Ingartek y el consultor de transporte p\u00fablico Josep Enric Garc\u00eda analizar\u00e1n el <strong>mercado asi\u00e1tico de autobuses el\u00e9ctricos<\/strong>, para ver qu\u00e9 referencias existen en cuanto a la <strong>electrificaci\u00f3n de la movilidad<\/strong>, una cuesti\u00f3n de mucha actualidad. Este webinar ser\u00e1 el <strong>30 de noviembre, a las 12:00<\/strong>.<\/p>\n<p>&nbsp;<\/p>\n","protected":false},"excerpt":{"rendered":"<p>En Ingartek hemos organizado dos webinars sobre zonas de bajas emisiones y la electrificaci\u00f3n de la movilidad para el mes de noviembre, \u00a1y no te los puedes perder! Ingartek es una consultora de\u00a0movilidad y transporte, y realiza Planes Estrat\u00e9gicos de&#8230;<\/p>\n","protected":false},"author":7,"featured_media":0,"comment_status":"closed","ping_status":"open","sticky":false,"template":"","format":"standard","meta":{"content-type":"","footnotes":""},"categories":[124,1979],"tags":[],"class_list":["post-27585","post","type-post","status-publish","format-standard","hentry","category-noticias","category-webinar"],"_links":{"self":[{"href":"https:\/\/www.ingartek.com\/es\/wp-json\/wp\/v2\/posts\/27585","targetHints":{"allow":["GET"]}}],"collection":[{"href":"https:\/\/www.ingartek.com\/es\/wp-json\/wp\/v2\/posts"}],"about":[{"href":"https:\/\/www.ingartek.com\/es\/wp-json\/wp\/v2\/types\/post"}],"author":[{"embeddable":true,"href":"https:\/\/www.ingartek.com\/es\/wp-json\/wp\/v2\/users\/7"}],"replies":[{"embeddable":true,"href":"https:\/\/www.ingartek.com\/es\/wp-json\/wp\/v2\/comments?post=27585"}],"version-history":[{"count":0,"href":"https:\/\/www.ingartek.com\/es\/wp-json\/wp\/v2\/posts\/27585\/revisions"}],"wp:attachment":[{"href":"https:\/\/www.ingartek.com\/es\/wp-json\/wp\/v2\/media?parent=27585"}],"wp:term":[{"taxonomy":"category","embeddable":true,"href":"https:\/\/www.ingartek.com\/es\/wp-json\/wp\/v2\/categories?post=27585"},{"taxonomy":"post_tag","embeddable":true,"href":"https:\/\/www.ingartek.com\/es\/wp-json\/wp\/v2\/tags?post=27585"}],"curies":[{"name":"wp","href":"https:\/\/api.w.org\/{rel}","templated":true}]}}