{"id":27529,"date":"2023-10-27T08:20:19","date_gmt":"2023-10-27T07:20:19","guid":{"rendered":"https:\/\/www.ingartek.com\/?p=27529"},"modified":"2025-03-26T16:05:52","modified_gmt":"2025-03-26T15:05:52","slug":"todo-lo-que-tienes-que-saber-sobre-un-plan-de-movilidad-al-trabajo","status":"publish","type":"post","link":"https:\/\/www.ingartek.com\/es\/todo-lo-que-tienes-que-saber-sobre-un-plan-de-movilidad-al-trabajo\/","title":{"rendered":"Webinar: Todo lo que tienes que saber sobre un Plan de Movilidad al Trabajo"},"content":{"rendered":"<p>Los Planes de Movilidad Al Trabajo son ahora una obligaci\u00f3n en Euskadi para las compa\u00f1\u00edas con una plantilla de m\u00e1s de 100 empleados y empleadas por turno.<\/p>\n<p>El prop\u00f3sito de implementar un <a href=\"https:\/\/www.ingartek.com\/es\/planes-de-movilidad-al-trabajo\/\" target=\"_blank\" rel=\"noopener\"><b>Plan de Movilidad al Trabajo<\/b><\/a> (PMCT) en las empresas es promover una forma m\u00e1s segura, eficaz y amigable con el entorno para desplazarse, con el fin de disminuir el impacto negativo de los traslados hacia el lugar de trabajo.<\/p>\n<p><a href=\"https:\/\/www.ingartek.com\/es\/\">Ingartek <\/a>es una consultora de <a href=\"https:\/\/www.ingartek.com\/es\/\" target=\"_blank\" rel=\"noopener\">movilidad y transporte<\/a>, y ofrece consultor\u00eda en relaci\u00f3n a los Planes de Movilidad al Centro de Trabajo.<\/p>\n<p>Ingartek ha realizado una serie de webinars para profundizar m\u00e1s sobre el proceso de implementaci\u00f3n de un Plan de Movilidad al Trabajo. Puedes ver el webinar completo aqu\u00ed.<\/p>\n<p><button class=\"qbutton ipz-button\" type=\"button\" data-host=\"ingartek.ipzmarketing.com\" data-protocol=\"https\" data-token=\"00Gkw-uK2Kw\">Suscribete para ver el Webinar<\/button><\/p>\n<p><button class=\"ipz-button\" type=\"button\" data-host=\"ingartek.ipzmarketing.com\" data-protocol=\"https\" data-token=\"heQPTUiKYME\"><img decoding=\"async\" class=\"vc_single_image-img \" title=\"webinar-ingartek\" src=\"https:\/\/www.ingartek.com\/wp-content\/uploads\/2023\/12\/webinar-PMCT.jpg\" alt=\"webinar-ingartek\" width=\"800\" height=\"\" \/><\/button><br \/>\n<script data-cfasync=\"false\" type=\"text\/javascript\" src=\"https:\/\/assets.ipzmarketing.com\/assets\/signup_form\/v1.js\"><\/script><\/p>\n","protected":false},"excerpt":{"rendered":"<p>Los Planes de Movilidad Al Trabajo son ahora una obligaci\u00f3n en Euskadi para las compa\u00f1\u00edas con una plantilla de m\u00e1s de 100 empleados y empleadas por turno. El prop\u00f3sito de implementar un Plan de Movilidad al Trabajo (PMCT) en las&#8230;<\/p>\n","protected":false},"author":7,"featured_media":0,"comment_status":"closed","ping_status":"open","sticky":false,"template":"","format":"standard","meta":{"content-type":"","footnotes":""},"categories":[1674,124,1979],"tags":[449,414],"class_list":["post-27529","post","type-post","status-publish","format-standard","hentry","category-planes-de-movilidad-al-trabajo","category-noticias","category-webinar","tag-movilidad-y-transporte","tag-planes-de-movilidad"],"_links":{"self":[{"href":"https:\/\/www.ingartek.com\/es\/wp-json\/wp\/v2\/posts\/27529","targetHints":{"allow":["GET"]}}],"collection":[{"href":"https:\/\/www.ingartek.com\/es\/wp-json\/wp\/v2\/posts"}],"about":[{"href":"https:\/\/www.ingartek.com\/es\/wp-json\/wp\/v2\/types\/post"}],"author":[{"embeddable":true,"href":"https:\/\/www.ingartek.com\/es\/wp-json\/wp\/v2\/users\/7"}],"replies":[{"embeddable":true,"href":"https:\/\/www.ingartek.com\/es\/wp-json\/wp\/v2\/comments?post=27529"}],"version-history":[{"count":0,"href":"https:\/\/www.ingartek.com\/es\/wp-json\/wp\/v2\/posts\/27529\/revisions"}],"wp:attachment":[{"href":"https:\/\/www.ingartek.com\/es\/wp-json\/wp\/v2\/media?parent=27529"}],"wp:term":[{"taxonomy":"category","embeddable":true,"href":"https:\/\/www.ingartek.com\/es\/wp-json\/wp\/v2\/categories?post=27529"},{"taxonomy":"post_tag","embeddable":true,"href":"https:\/\/www.ingartek.com\/es\/wp-json\/wp\/v2\/tags?post=27529"}],"curies":[{"name":"wp","href":"https:\/\/api.w.org\/{rel}","templated":true}]}}