{"id":27355,"date":"2023-10-20T11:23:40","date_gmt":"2023-10-20T10:23:40","guid":{"rendered":"https:\/\/www.ingartek.com\/?p=27355"},"modified":"2025-03-26T16:05:52","modified_gmt":"2025-03-26T15:05:52","slug":"subvenciones-para-empresas-que-realicen-planes-de-movilidad-al-trabajo","status":"publish","type":"post","link":"https:\/\/www.ingartek.com\/es\/subvenciones-para-empresas-que-realicen-planes-de-movilidad-al-trabajo\/","title":{"rendered":"Subvenciones para empresas que realicen Planes de Movilidad al Trabajo"},"content":{"rendered":"<p><span style=\"font-weight: 400;\">La Diputada de Movilidad de Transportes, Movilidad y Turismo de Bizkaia ha anunciado la intenci\u00f3n de su departamento de implementar un programa de subvenciones destinado a empresas del territorio para el desarrollo de sus propios \ud835\udc0f\ud835\udc25\ud835\udc1a\ud835\udc27\ud835\udc1e\ud835\udc2c \ud835\udc1d\ud835\udc1e \ud835\udc0c\ud835\udc28\ud835\udc2f\ud835\udc22\ud835\udc25\ud835\udc22\ud835\udc1d\ud835\udc1a\ud835\udc1d \ud835\udc1a\ud835\udc25 \ud835\udc02\ud835\udc1e\ud835\udc27\ud835\udc2d\ud835\udc2b\ud835\udc28 \ud835\udc13\ud835\udc2b\ud835\udc1a\ud835\udc1b\ud835\udc1a\ud835\udc23\ud835\udc28, ya\u00a0obligatorio en\u00a0Euskadi\u00a0para empresas con m\u00e1s de 100 trabajadores por turno.<br \/>\n<\/span><\/p>\n<h2><b>Subvenciones para Planes de Movilidad al Trabajo en Euskadi<\/b><\/h2>\n<p><span style=\"font-weight: 400;\">Un <strong><a href=\"https:\/\/www.ingartek.com\/es\/planes-de-movilidad-al-trabajo\/\">Plan de Movilidad al Centro de Trabajo<\/a><\/strong> promueve el uso de modos de movilidad activa y reduce la dependencia del veh\u00edculo particular entre el personal de una empresa. Esta medida es ya obligatoria en Euskadi y se prev\u00e9 que lo sea pr\u00f3ximamente en todo el estado espa\u00f1ol.<\/span><\/p>\n<p><span style=\"font-weight: 400;\">Los <strong>PMCT<\/strong>\u00a0 o Planes de Movilidad al Trabajo son una manera efectiva de gestionar la movilidad y el transporte de una organizaci\u00f3n, y as\u00ed <\/span><span style=\"font-weight: 400;\">garantizar la seguridad y sostenibilidad en los desplazamientos de las personas trabajadoras hacia el centro de trabajo.<\/span><\/p>\n<p><span style=\"font-weight: 400;\">Por el momento, el Gobierno Vasco ha anunciado subvenciones para empresas ubicadas en Bizkaia, sin embargo, est\u00e1 por ver qu\u00e9 camino toman otras provincias tambi\u00e9n.<\/span><\/p>\n<h2><b>Expertos en Planes de Movilidad al Trabajo<\/b><\/h2>\n<p><span style=\"font-weight: 400;\">En <a href=\"https:\/\/www.ingartek.com\/es\/\">Ingartek<\/a> somos expertos en Planes de Movilidad al Trabajo y hemos desarrollado <\/span><span style=\"font-weight: 400;\">varios proyectos de este tipo para empresas como Eroski, Irizar, Centro Comercial Megapark\u2026<\/span><\/p>\n<p><span style=\"font-weight: 400;\">Nuestro equipo ofrece <\/span><b>webinars gratuitos mensuales<\/b> <b>sobre Planes de Movilidad al Trabajo<\/b> <b>para asesorar<\/b><span style=\"font-weight: 400;\"> a las personas interesadas en los pasos que hay que dar a la hora de implementar uno en una organizaci\u00f3n. El pr\u00f3ximo es el 26 de octubre del 2023<\/span><span style=\"font-weight: 400;\">.<\/span><\/p>\n<p><span style=\"font-weight: 400;\">Si quieres tener m\u00e1s informaci\u00f3n y estar al tanto de todas las novedades, suscr\u00edbete a la newsletter aqu\u00ed:<\/span><\/p>\n<p><button class=\"ipz-button wpcf7-form-control wpcf7-submit qbutton medium default\" type=\"button\" data-host=\"ingartek.ipzmarketing.com\" data-protocol=\"https\" data-token=\"IGmcN_jV514\">Suscr\u00edbete<\/button><\/p>\n<p><span style=\"font-weight: 400;\">Tambi\u00e9n tienes informaci\u00f3n espec\u00edfica sobre los Planes de Movilidad al Centro de Trabajo <\/span><a href=\"https:\/\/www.ingartek.com\/es\/planes-de-movilidad-al-trabajo\/\"><span style=\"font-weight: 400;\">aqu\u00ed<\/span><\/a><span style=\"font-weight: 400;\">.<\/span><\/p>\n","protected":false},"excerpt":{"rendered":"<p>La Diputada de Movilidad de Transportes, Movilidad y Turismo de Bizkaia ha anunciado la intenci\u00f3n de su departamento de implementar un programa de subvenciones destinado a empresas del territorio para el desarrollo de sus propios \ud835\udc0f\ud835\udc25\ud835\udc1a\ud835\udc27\ud835\udc1e\ud835\udc2c \ud835\udc1d\ud835\udc1e \ud835\udc0c\ud835\udc28\ud835\udc2f\ud835\udc22\ud835\udc25\ud835\udc22\ud835\udc1d\ud835\udc1a\ud835\udc1d \ud835\udc1a\ud835\udc25 \ud835\udc02\ud835\udc1e\ud835\udc27\ud835\udc2d\ud835\udc2b\ud835\udc28&#8230;<\/p>\n","protected":false},"author":7,"featured_media":0,"comment_status":"closed","ping_status":"open","sticky":false,"template":"","format":"standard","meta":{"content-type":"","footnotes":""},"categories":[124,1979],"tags":[],"class_list":["post-27355","post","type-post","status-publish","format-standard","hentry","category-noticias","category-webinar"],"_links":{"self":[{"href":"https:\/\/www.ingartek.com\/es\/wp-json\/wp\/v2\/posts\/27355","targetHints":{"allow":["GET"]}}],"collection":[{"href":"https:\/\/www.ingartek.com\/es\/wp-json\/wp\/v2\/posts"}],"about":[{"href":"https:\/\/www.ingartek.com\/es\/wp-json\/wp\/v2\/types\/post"}],"author":[{"embeddable":true,"href":"https:\/\/www.ingartek.com\/es\/wp-json\/wp\/v2\/users\/7"}],"replies":[{"embeddable":true,"href":"https:\/\/www.ingartek.com\/es\/wp-json\/wp\/v2\/comments?post=27355"}],"version-history":[{"count":0,"href":"https:\/\/www.ingartek.com\/es\/wp-json\/wp\/v2\/posts\/27355\/revisions"}],"wp:attachment":[{"href":"https:\/\/www.ingartek.com\/es\/wp-json\/wp\/v2\/media?parent=27355"}],"wp:term":[{"taxonomy":"category","embeddable":true,"href":"https:\/\/www.ingartek.com\/es\/wp-json\/wp\/v2\/categories?post=27355"},{"taxonomy":"post_tag","embeddable":true,"href":"https:\/\/www.ingartek.com\/es\/wp-json\/wp\/v2\/tags?post=27355"}],"curies":[{"name":"wp","href":"https:\/\/api.w.org\/{rel}","templated":true}]}}