{"id":27114,"date":"2023-09-21T14:48:21","date_gmt":"2023-09-21T13:48:21","guid":{"rendered":"https:\/\/www.ingartek.com\/?p=27114"},"modified":"2025-03-26T16:05:53","modified_gmt":"2025-03-26T15:05:53","slug":"estas-incumpliendo-la-normativa-de-tener-un-plan-de-movilidad-al-centro-de-trabajo","status":"publish","type":"post","link":"https:\/\/www.ingartek.com\/es\/estas-incumpliendo-la-normativa-de-tener-un-plan-de-movilidad-al-centro-de-trabajo\/","title":{"rendered":"\u00bfEst\u00e1s incumpliendo la normativa de tener un plan de movilidad al centro de trabajo?"},"content":{"rendered":"<p>Los<a href=\"https:\/\/www.ingartek.com\/es\/planes-de-movilidad-al-trabajo\/\" target=\"_blank\" rel=\"noopener\"><b> Planes de Movilidad al Trabajo<\/b> <\/a>son una nueva medida ya obligatoria en Euskadi para las empresas que tienen m\u00e1s de 100 trabajadores por turno.<\/p>\n<p>Ingartek,<i> c<\/i><a href=\"https:\/\/www.ingartek.com\/es\/estudios-de-movilidad-y-trafico\/\"><i>onsultora de movilidad y transporte<\/i><\/a><i>, <\/i>ha impartido un webinar sobre los aspectos a tener en cuenta a la hora de crear e implementar un Plan de Movilidad al Centro de Trabajo (PMCT)<\/p>\n<h2><b>C\u00f3mo implementar un Plan de Movilidad al Trabajo<\/b><\/h2>\n<p>La implementaci\u00f3n de un <a href=\"https:\/\/www.ingartek.com\/es\/planes-de-movilidad-al-trabajo\/\">Plan de Movilidad al Trabajo<\/a> ya es obligatoria en Euskadi para ciertas empresas, y se prev\u00e9 que pr\u00f3ximamente lo sea en toda Espa\u00f1a. Ingartek ha desarrollado Planes de Movilidad al Trabajo para empresas como <a href=\"https:\/\/www.ingartek.com\/es\/proyecto\/plan-de-movilidad-al-centro-de-trabajo-de-eroski-s-coop\/\" target=\"_blank\" rel=\"noopener\">Eroski<\/a>, el <a href=\"https:\/\/www.ingartek.com\/es\/proyecto\/plan-de-movilidad-al-parque-comercial-de-megapark\/\" target=\"_blank\" rel=\"noopener\">Parque Comercial de Megapark<\/a>,<a href=\"https:\/\/www.ingartek.com\/es\/proyecto\/plan-de-movilidad-al-centro-de-trabajo-de-salica-industria-alimentaria-s-l\/\" target=\"_blank\" rel=\"noopener\"> Salica Industria Alimentaria<\/a>, etc.<\/p>\n<p>Sergio Barre\u00f1a, socio-fundador de Ingartek, ha profundizado m\u00e1s sobre el proceso de implementaci\u00f3n de un Plan de Movilidad al Trabajo en el Webinar que puedes ver en completo aqu\u00ed.<\/p>\n<p><button class=\"qbutton ipz-button\" type=\"button\" data-host=\"ingartek.ipzmarketing.com\" data-protocol=\"https\" data-token=\"2BStx3u9ETw\">Suscr\u00edbete para ver el Webinar<\/button><\/p>\n<p><button class=\"ipz-button\" type=\"button\" data-host=\"ingartek.ipzmarketing.com\" data-protocol=\"https\" data-token=\"2BStx3u9ETw\"><img loading=\"lazy\" decoding=\"async\" class=\"alignnone wp-image-28387 size-full\" src=\"https:\/\/www.ingartek.com\/wp-content\/uploads\/2024\/02\/ingartek-estas-incumpliendo-la-normativa-de-tener-un-plan-de-movilidad-al-centro-de-trabajo.jpg\" alt=\"\u00bfEst\u00e1s incumpliendo la normativa de tener un plan de movilidad al centro de trabajo?\" width=\"880\" height=\"495\" title=\"\" srcset=\"https:\/\/www.ingartek.com\/wp-content\/uploads\/2024\/02\/ingartek-estas-incumpliendo-la-normativa-de-tener-un-plan-de-movilidad-al-centro-de-trabajo.jpg 880w, https:\/\/www.ingartek.com\/wp-content\/uploads\/2024\/02\/ingartek-estas-incumpliendo-la-normativa-de-tener-un-plan-de-movilidad-al-centro-de-trabajo-300x169.jpg 300w, https:\/\/www.ingartek.com\/wp-content\/uploads\/2024\/02\/ingartek-estas-incumpliendo-la-normativa-de-tener-un-plan-de-movilidad-al-centro-de-trabajo-768x432.jpg 768w, https:\/\/www.ingartek.com\/wp-content\/uploads\/2024\/02\/ingartek-estas-incumpliendo-la-normativa-de-tener-un-plan-de-movilidad-al-centro-de-trabajo-700x394.jpg 700w, https:\/\/www.ingartek.com\/wp-content\/uploads\/2024\/02\/ingartek-estas-incumpliendo-la-normativa-de-tener-un-plan-de-movilidad-al-centro-de-trabajo-539x303.jpg 539w\" sizes=\"auto, (max-width: 880px) 100vw, 880px\" \/><\/button><\/p>\n<p>&nbsp;<\/p>\n","protected":false},"excerpt":{"rendered":"<p>Los Planes de Movilidad al Trabajo son una nueva medida ya obligatoria en Euskadi para las empresas que tienen m\u00e1s de 100 trabajadores por turno. Ingartek, consultora de movilidad y transporte, ha impartido un webinar sobre los aspectos a tener&#8230;<\/p>\n","protected":false},"author":7,"featured_media":0,"comment_status":"closed","ping_status":"open","sticky":false,"template":"","format":"standard","meta":{"content-type":"","footnotes":""},"categories":[124,1674,1979],"tags":[],"class_list":["post-27114","post","type-post","status-publish","format-standard","hentry","category-noticias","category-planes-de-movilidad-al-trabajo","category-webinar"],"_links":{"self":[{"href":"https:\/\/www.ingartek.com\/es\/wp-json\/wp\/v2\/posts\/27114","targetHints":{"allow":["GET"]}}],"collection":[{"href":"https:\/\/www.ingartek.com\/es\/wp-json\/wp\/v2\/posts"}],"about":[{"href":"https:\/\/www.ingartek.com\/es\/wp-json\/wp\/v2\/types\/post"}],"author":[{"embeddable":true,"href":"https:\/\/www.ingartek.com\/es\/wp-json\/wp\/v2\/users\/7"}],"replies":[{"embeddable":true,"href":"https:\/\/www.ingartek.com\/es\/wp-json\/wp\/v2\/comments?post=27114"}],"version-history":[{"count":0,"href":"https:\/\/www.ingartek.com\/es\/wp-json\/wp\/v2\/posts\/27114\/revisions"}],"wp:attachment":[{"href":"https:\/\/www.ingartek.com\/es\/wp-json\/wp\/v2\/media?parent=27114"}],"wp:term":[{"taxonomy":"category","embeddable":true,"href":"https:\/\/www.ingartek.com\/es\/wp-json\/wp\/v2\/categories?post=27114"},{"taxonomy":"post_tag","embeddable":true,"href":"https:\/\/www.ingartek.com\/es\/wp-json\/wp\/v2\/tags?post=27114"}],"curies":[{"name":"wp","href":"https:\/\/api.w.org\/{rel}","templated":true}]}}