{"id":26848,"date":"2023-09-05T08:00:30","date_gmt":"2023-09-05T07:00:30","guid":{"rendered":"https:\/\/www.ingartek.com\/?p=26848"},"modified":"2025-03-26T16:05:53","modified_gmt":"2025-03-26T15:05:53","slug":"webinar-sobre-los-planes-de-movilidad-al-trabajo","status":"publish","type":"post","link":"https:\/\/www.ingartek.com\/es\/webinar-sobre-los-planes-de-movilidad-al-trabajo\/","title":{"rendered":"Webinar sobre los Planes de Movilidad al Trabajo"},"content":{"rendered":"<p><a href=\"https:\/\/www.ingartek.com\/es\/\">Ingartek<\/a>, <a href=\"https:\/\/www.ingartek.com\/es\/estudios-de-movilidad-y-trafico\/\" target=\"_blank\" rel=\"noopener\">consultora de movilidad y transporte<\/a>, ha organizado un nuevo webinar sobre los<b> Planes de Movilidad al Trabajo<\/b>, una nueva medida que ya es obligatoria en Euskadi para las empresas que tienen m\u00e1s de 100 trabajadores por turno.<\/p>\n<p>En Espa\u00f1a, en cambio, la Ley est\u00e1 en fase de tramitaci\u00f3n y una vez sea aprobada, las empresas con m\u00e1s de 500 trabajadores o 250 por turno deber\u00e1n de implantar un Plan de Movilidad al Trabajo obligatoriamente.<\/p>\n<h2>Objetivo de los Planes de Movilidad al Trabajo<\/h2>\n<p>El objetivo de aplicar un <a href=\"https:\/\/www.ingartek.com\/es\/planes-de-movilidad-al-trabajo\/\" target=\"_blank\" rel=\"noopener\">Plan de Movilidad al Trabajo<\/a> en las empresas es buscar una manera m\u00e1s segura, eficiente y respetuosa con el medioambiente de desplazarse para reducir el impacto negativo de los desplazamientos al centro de trabajo.<\/p>\n<p>Adem\u00e1s, los <a href=\"https:\/\/www.ingartek.com\/es\/planes-de-movilidad-al-trabajo\/\" target=\"_blank\" rel=\"noopener\">planes de movilidad al trabajo<\/a> tienen varios beneficios que puedes consultar <a href=\"https:\/\/www.ingartek.com\/es\/planes-de-movilidad-al-trabajo\/\" target=\"_blank\" rel=\"noopener\">aqu\u00ed<\/a>.<\/p>\n<h2>Webinar sobre los Planes de Movilidad al Trabajo<\/h2>\n<p>El webinar ser\u00e1 el <b>21 de septiembre<\/b> a las <b>12:00<\/b>. Sergio Barre\u00f1a, socio fundador de Ingartek, abordar\u00e1 los aspectos a tener en cuenta a la hora de realizar un Plan de Movilidad al Centro de Trabajo (PMCT), bas\u00e1ndose en la experiencia de Ingartek y en los Planes de Movilidad al Trabajo realizados por Ingartek para diferentes empresas.<\/p>\n","protected":false},"excerpt":{"rendered":"<p>Ingartek, consultora de movilidad y transporte, ha organizado un nuevo webinar sobre los Planes de Movilidad al Trabajo, una nueva medida que ya es obligatoria en Euskadi para las empresas que tienen m\u00e1s de 100 trabajadores por turno. En Espa\u00f1a,&#8230;<\/p>\n","protected":false},"author":7,"featured_media":0,"comment_status":"closed","ping_status":"closed","sticky":false,"template":"","format":"standard","meta":{"content-type":"","footnotes":""},"categories":[124,1979],"tags":[],"class_list":["post-26848","post","type-post","status-publish","format-standard","hentry","category-noticias","category-webinar"],"_links":{"self":[{"href":"https:\/\/www.ingartek.com\/es\/wp-json\/wp\/v2\/posts\/26848","targetHints":{"allow":["GET"]}}],"collection":[{"href":"https:\/\/www.ingartek.com\/es\/wp-json\/wp\/v2\/posts"}],"about":[{"href":"https:\/\/www.ingartek.com\/es\/wp-json\/wp\/v2\/types\/post"}],"author":[{"embeddable":true,"href":"https:\/\/www.ingartek.com\/es\/wp-json\/wp\/v2\/users\/7"}],"replies":[{"embeddable":true,"href":"https:\/\/www.ingartek.com\/es\/wp-json\/wp\/v2\/comments?post=26848"}],"version-history":[{"count":0,"href":"https:\/\/www.ingartek.com\/es\/wp-json\/wp\/v2\/posts\/26848\/revisions"}],"wp:attachment":[{"href":"https:\/\/www.ingartek.com\/es\/wp-json\/wp\/v2\/media?parent=26848"}],"wp:term":[{"taxonomy":"category","embeddable":true,"href":"https:\/\/www.ingartek.com\/es\/wp-json\/wp\/v2\/categories?post=26848"},{"taxonomy":"post_tag","embeddable":true,"href":"https:\/\/www.ingartek.com\/es\/wp-json\/wp\/v2\/tags?post=26848"}],"curies":[{"name":"wp","href":"https:\/\/api.w.org\/{rel}","templated":true}]}}