{"id":26669,"date":"2023-07-06T09:38:44","date_gmt":"2023-07-06T08:38:44","guid":{"rendered":"https:\/\/www.ingartek.com\/?p=26669"},"modified":"2025-03-26T16:05:55","modified_gmt":"2025-03-26T15:05:55","slug":"ingartek-y-dair-superan-con-exito-la-ejecucion-del-plan-de-movilidad-del-grand-depart-2023-pays-basque-del-tour-de-francia","status":"publish","type":"post","link":"https:\/\/www.ingartek.com\/es\/ingartek-y-dair-superan-con-exito-la-ejecucion-del-plan-de-movilidad-del-grand-depart-2023-pays-basque-del-tour-de-francia\/","title":{"rendered":"Ingartek y Dair superan con \u00e9xito la ejecuci\u00f3n del Plan de Movilidad del Grand D\u00e9part 2023 Pays Basque del Tour de Francia"},"content":{"rendered":"<p>La UTE formada por Dair e Ingartek, <strong>consultoras de movilidad y tr\u00e1fico<\/strong>, ha elaborado y ejecutado con \u00e9xito los planes de movilidad de las primeras tres etapas del Tour de Francia que han discurrido por Euskadi en el Grand D\u00e9part 2023 Pays Basque adem\u00e1s de coordinar la participaci\u00f3n de los agentes implicados en esa materia que forman parte del Grand D\u00e9part del Tour de Francia: el Gobierno Vasco, las tres diputaciones y los Ayuntamientos de Bilbao, Donostia, Vitoria y Bilbao Ekintza.<\/p>\n<p>Ingartek es una <strong>consultor\u00eda de movilidad <\/strong>con m\u00e1s de 10 a\u00f1os de experiencia en el sector y, realiza <strong>estudios de movilidad y planes de movilidad y tr\u00e1fico<\/strong> personalizados. Ser los encargados de organizar la Grand D\u00e9part del Tour de Francia en sus etapas en Euskadi ha supuesto un \u201creto apasionante\u201d para la consultor\u00eda de movilidad, ya que la celebraci\u00f3n de este evento en Euskadi ha supuesto una oportunidad importante para impulsar la estrategia de internacionalizaci\u00f3n del territorio. \u201cEstamos orgullosos de haberlo superado con \u00e9xito\u201d, indican en Ingartek.<\/p>\n<h2>Plan de tr\u00e1fico, seguridad vial y mapa de geoposicionamiento<\/h2>\n<p>Entre los cometidos de la UTE en el <strong>plan de movilidad<\/strong>, se encuentran la realizaci\u00f3n de un Plan de Tr\u00e1fico que incluye el estudio de afecciones, trazados alternativos, se\u00f1al\u00e9tica etc. Adem\u00e1s, la seguridad vial suele ser muy importante en este tipo de eventos, por lo que Ingartek y Dair se han asegurado de que tanto los ciclistas, los veh\u00edculos de los equipos y el p\u00fablico tengan seguridad para disfrutar del evento.<\/p>\n<p>Tambi\u00e9n han realizado un <strong>estudio del transporte p\u00fablico<\/strong> y se est\u00e1n encargando de la se\u00f1alizaci\u00f3n del tr\u00e1fico, as\u00ed como de las soluciones de aparcamiento y la coordinaci\u00f3n con las fuerzas de seguridad, ya que la seguridad vial suele ser muy importante en este tipo de eventos, para que los ciclistas, los veh\u00edculos de los equipos y el p\u00fablico puedan disfrutar del evento.<\/p>\n<p>Por \u00faltimo, las dos empresas tambi\u00e9n han determinado y dimensionado las zonas de servicios en el transcurso de las etapas y han creado un mapa para geoposicionar las diferentes afecciones de movilidad durante el evento, as\u00ed como una herramienta de visualizaci\u00f3n de todo lo relacionado con los <strong>planes de movilidad<\/strong>, seguridad vial, etc.<\/p>\n\n\t\t<style type=\"text\/css\">\n\t\t\t#gallery-1 {\n\t\t\t\tmargin: auto;\n\t\t\t}\n\t\t\t#gallery-1 .gallery-item {\n\t\t\t\tfloat: left;\n\t\t\t\tmargin-top: 10px;\n\t\t\t\ttext-align: center;\n\t\t\t\twidth: 50%;\n\t\t\t}\n\t\t\t#gallery-1 img {\n\t\t\t\tborder: 2px solid #cfcfcf;\n\t\t\t}\n\t\t\t#gallery-1 .gallery-caption {\n\t\t\t\tmargin-left: 0;\n\t\t\t}\n\t\t\t\/* see gallery_shortcode() in wp-includes\/media.php *\/\n\t\t<\/style>\n\t\t<div id='gallery-1' class='gallery galleryid-26669 gallery-columns-2 gallery-size-full'><dl class='gallery-item'>\n\t\t\t<dt class='gallery-icon portrait'>\n\t\t\t\t<a href='https:\/\/www.ingartek.com\/wp-content\/uploads\/2023\/07\/tour2-ingartek.jpg'><img loading=\"lazy\" decoding=\"async\" width=\"600\" height=\"800\" src=\"https:\/\/www.ingartek.com\/wp-content\/uploads\/2023\/07\/tour2-ingartek.jpg\" class=\"attachment-full size-full\" alt=\"\" srcset=\"https:\/\/www.ingartek.com\/wp-content\/uploads\/2023\/07\/tour2-ingartek.jpg 600w, https:\/\/www.ingartek.com\/wp-content\/uploads\/2023\/07\/tour2-ingartek-225x300.jpg 225w\" sizes=\"auto, (max-width: 600px) 100vw, 600px\" title=\"\"><\/a>\n\t\t\t<\/dt><\/dl><dl class='gallery-item'>\n\t\t\t<dt class='gallery-icon portrait'>\n\t\t\t\t<a href='https:\/\/www.ingartek.com\/wp-content\/uploads\/2023\/07\/tour4-ingatek.jpg'><img loading=\"lazy\" decoding=\"async\" width=\"600\" height=\"800\" src=\"https:\/\/www.ingartek.com\/wp-content\/uploads\/2023\/07\/tour4-ingatek.jpg\" class=\"attachment-full size-full\" alt=\"\" srcset=\"https:\/\/www.ingartek.com\/wp-content\/uploads\/2023\/07\/tour4-ingatek.jpg 600w, https:\/\/www.ingartek.com\/wp-content\/uploads\/2023\/07\/tour4-ingatek-225x300.jpg 225w\" sizes=\"auto, (max-width: 600px) 100vw, 600px\" title=\"\"><\/a>\n\t\t\t<\/dt><\/dl><br style=\"clear: both\" \/><dl class='gallery-item'>\n\t\t\t<dt class='gallery-icon landscape'>\n\t\t\t\t<a href='https:\/\/www.ingartek.com\/wp-content\/uploads\/2023\/07\/ingartek-tour3.jpg'><img loading=\"lazy\" decoding=\"async\" width=\"800\" height=\"600\" src=\"https:\/\/www.ingartek.com\/wp-content\/uploads\/2023\/07\/ingartek-tour3.jpg\" class=\"attachment-full size-full\" alt=\"\" srcset=\"https:\/\/www.ingartek.com\/wp-content\/uploads\/2023\/07\/ingartek-tour3.jpg 800w, https:\/\/www.ingartek.com\/wp-content\/uploads\/2023\/07\/ingartek-tour3-300x225.jpg 300w, https:\/\/www.ingartek.com\/wp-content\/uploads\/2023\/07\/ingartek-tour3-768x576.jpg 768w, https:\/\/www.ingartek.com\/wp-content\/uploads\/2023\/07\/ingartek-tour3-700x525.jpg 700w\" sizes=\"auto, (max-width: 800px) 100vw, 800px\" title=\"\"><\/a>\n\t\t\t<\/dt><\/dl>\n\t\t\t<br style='clear: both' \/>\n\t\t<\/div>\n\n","protected":false},"excerpt":{"rendered":"<p>La UTE formada por Dair e Ingartek, consultoras de movilidad y tr\u00e1fico, ha elaborado y ejecutado con \u00e9xito los planes de movilidad de las primeras tres etapas del Tour de Francia que han discurrido por Euskadi en el Grand D\u00e9part&#8230;<\/p>\n","protected":false},"author":7,"featured_media":0,"comment_status":"closed","ping_status":"closed","sticky":false,"template":"","format":"standard","meta":{"content-type":"","footnotes":""},"categories":[124,1431],"tags":[1671,1667,1669,1668,1670],"class_list":["post-26669","post","type-post","status-publish","format-standard","hentry","category-noticias","category-estudios-de-movilidad","tag-consultoras-de-movilidad-y-trafico","tag-estudio-del-transporte-publico","tag-grand-depart-2023","tag-plan-de-trafico","tag-tour-de-francia"],"_links":{"self":[{"href":"https:\/\/www.ingartek.com\/es\/wp-json\/wp\/v2\/posts\/26669","targetHints":{"allow":["GET"]}}],"collection":[{"href":"https:\/\/www.ingartek.com\/es\/wp-json\/wp\/v2\/posts"}],"about":[{"href":"https:\/\/www.ingartek.com\/es\/wp-json\/wp\/v2\/types\/post"}],"author":[{"embeddable":true,"href":"https:\/\/www.ingartek.com\/es\/wp-json\/wp\/v2\/users\/7"}],"replies":[{"embeddable":true,"href":"https:\/\/www.ingartek.com\/es\/wp-json\/wp\/v2\/comments?post=26669"}],"version-history":[{"count":0,"href":"https:\/\/www.ingartek.com\/es\/wp-json\/wp\/v2\/posts\/26669\/revisions"}],"wp:attachment":[{"href":"https:\/\/www.ingartek.com\/es\/wp-json\/wp\/v2\/media?parent=26669"}],"wp:term":[{"taxonomy":"category","embeddable":true,"href":"https:\/\/www.ingartek.com\/es\/wp-json\/wp\/v2\/categories?post=26669"},{"taxonomy":"post_tag","embeddable":true,"href":"https:\/\/www.ingartek.com\/es\/wp-json\/wp\/v2\/tags?post=26669"}],"curies":[{"name":"wp","href":"https:\/\/api.w.org\/{rel}","templated":true}]}}