{"id":26199,"date":"2023-05-04T09:07:45","date_gmt":"2023-05-04T08:07:45","guid":{"rendered":"https:\/\/www.ingartek.com\/?p=26199"},"modified":"2025-03-26T16:05:57","modified_gmt":"2025-03-26T15:05:57","slug":"ley-de-movilidad-al-trabajo","status":"publish","type":"post","link":"https:\/\/www.ingartek.com\/es\/ley-de-movilidad-al-trabajo\/","title":{"rendered":"Ley de movilidad al trabajo"},"content":{"rendered":"<p><span style=\"font-weight: 400;\">Desde hace a\u00f1os se llevan desarrollando diferentes planes para que los ciudadanos puedan llegar a su empleo de manera m\u00e1s sostenible y sin que suponga para ellos un gasto inasumible. Por eso, est\u00e1n a punto de aprobarse diferentes medidas que se conviertan en una <\/span><b>ley de movilidad al trabajo<\/b><span style=\"font-weight: 400;\">. En la siguientes l\u00edneas te mostramos todo lo que tienes que conocer sobre los avances que se han logrado hasta ahora.<\/span><\/p>\n<h2>\u00bfQu\u00e9 es la ley de movilidad al trabajo?<\/h2>\n<p><b>La ley de movilidad al trabajo todav\u00eda no ha sido aprobada<\/b><span style=\"font-weight: 400;\">. S\u00ed existe un anteproyecto de Ley que fue aprobado el pasado mes de diciembre y enviado a las Cortes en ese mismo momento.<\/span><\/p>\n<p><span style=\"font-weight: 400;\">El <\/span><b>Proyecto de Ley de Movilidad Sostenible<\/b><span style=\"font-weight: 400;\"> est\u00e1 pensado para que los ciudadanos puedan acceder a los distintos servicios p\u00fablicos esenciales y tambi\u00e9n a su puesto de trabajo. Al mismo tiempo se busca que el impacto en el medioambiente sea el menor posible y reducir el uso del transporte privado.<\/span><\/p>\n<p><span style=\"font-weight: 400;\">Adem\u00e1s, <\/span><b>las nuevas tecnolog\u00edas son esenciales para todos estos cambios y es vital que est\u00e9n disponibles para que los ciudadanos de a pie puedan beneficiarse de todas estas medidas<\/b><span style=\"font-weight: 400;\">. De ah\u00ed que las inversiones se deban centrar en cuestiones que beneficien a la sociedad en general.<\/span><\/p>\n<p><span style=\"font-weight: 400;\">Algunas Comunidades Aut\u00f3nomas ya cuentan con sus propios planes de movilidad al trabajo centrados entre otras cuestiones en fomentar el transporte p\u00fablico. \u00bfC\u00f3mo lo hacen? Reduciendo su precio para que sea m\u00e1s asequible para todos.<\/span><\/p>\n<p><span style=\"font-weight: 400;\">Por ejemplo, esto es parte de los planes de movilidad al trabajo Comunidad de Madrid o de los planes de movilidad al trabajo Navarra. Son ayudas directas de las que se pueden beneficiar los ciudadanos.<\/span><\/p>\n<p><span style=\"font-weight: 400;\">Antes de llegar a las Cortes el anteproyecto que hemos comentado tuvo un largo recorrido y se presentaron diferentes alegaciones para que haya tomado la forma que tiene actualmente. <\/span><b>La futura Ley de movilidad al trabajo se basa en cinco pilares esenciales<\/b><span style=\"font-weight: 400;\">:<\/span><\/p>\n<ul>\n<li><span style=\"font-weight: 400;\">Que la movilidad sea un derecho social.<\/span><\/li>\n<li><span style=\"font-weight: 400;\">Que la movilidad sea limpia y que tambi\u00e9n proteja la salud.<\/span><\/li>\n<li><span style=\"font-weight: 400;\">Que el transporte sea digital e incorpore todas las innovaciones para su mejora.<\/span><\/li>\n<li><span style=\"font-weight: 400;\">Que las inversiones sean para que el servicio a los ciudadanos sea el mejor posible.<\/span><\/li>\n<li><span style=\"font-weight: 400;\">Que la movilidad se considere un derecho social.<\/span><\/li>\n<\/ul>\n<p><b>Se busca tambi\u00e9n que las grandes empresas tengan su propio plan de traslado al trabajo para todos sus empleados<\/b><span style=\"font-weight: 400;\">. As\u00ed se pretende no solo que los ciudadanos puedan llegar con mayor facilidad y con un gasto menos a su puesto, sino tambi\u00e9n reducir la huella medioambiental.<\/span><\/p>\n<p><span style=\"font-weight: 400;\">Todas estas ayudas de movilidad al trabajo tienen que estar dentro de un <\/span><b>marco de colaboraci\u00f3n, cooperaci\u00f3n y coordinaci\u00f3n de todos los implicados.<\/b><span style=\"font-weight: 400;\"> Solo de esta manera pueden tener \u00e9xito.<\/span><\/p>\n","protected":false},"excerpt":{"rendered":"<p>Desde hace a\u00f1os se llevan desarrollando diferentes planes para que los ciudadanos puedan llegar a su empleo de manera m\u00e1s sostenible y sin que suponga para ellos un gasto inasumible. Por eso, est\u00e1n a punto de aprobarse diferentes medidas que&#8230;<\/p>\n","protected":false},"author":7,"featured_media":0,"comment_status":"closed","ping_status":"closed","sticky":false,"template":"","format":"standard","meta":{"content-type":"","footnotes":""},"categories":[124],"tags":[],"class_list":["post-26199","post","type-post","status-publish","format-standard","hentry","category-noticias"],"_links":{"self":[{"href":"https:\/\/www.ingartek.com\/es\/wp-json\/wp\/v2\/posts\/26199","targetHints":{"allow":["GET"]}}],"collection":[{"href":"https:\/\/www.ingartek.com\/es\/wp-json\/wp\/v2\/posts"}],"about":[{"href":"https:\/\/www.ingartek.com\/es\/wp-json\/wp\/v2\/types\/post"}],"author":[{"embeddable":true,"href":"https:\/\/www.ingartek.com\/es\/wp-json\/wp\/v2\/users\/7"}],"replies":[{"embeddable":true,"href":"https:\/\/www.ingartek.com\/es\/wp-json\/wp\/v2\/comments?post=26199"}],"version-history":[{"count":0,"href":"https:\/\/www.ingartek.com\/es\/wp-json\/wp\/v2\/posts\/26199\/revisions"}],"wp:attachment":[{"href":"https:\/\/www.ingartek.com\/es\/wp-json\/wp\/v2\/media?parent=26199"}],"wp:term":[{"taxonomy":"category","embeddable":true,"href":"https:\/\/www.ingartek.com\/es\/wp-json\/wp\/v2\/categories?post=26199"},{"taxonomy":"post_tag","embeddable":true,"href":"https:\/\/www.ingartek.com\/es\/wp-json\/wp\/v2\/tags?post=26199"}],"curies":[{"name":"wp","href":"https:\/\/api.w.org\/{rel}","templated":true}]}}