{"id":26195,"date":"2023-04-25T08:54:25","date_gmt":"2023-04-25T07:54:25","guid":{"rendered":"https:\/\/www.ingartek.com\/?p=26195"},"modified":"2025-03-26T16:05:57","modified_gmt":"2025-03-26T15:05:57","slug":"planes-de-movilidad-al-trabajo-navarra","status":"publish","type":"post","link":"https:\/\/www.ingartek.com\/es\/planes-de-movilidad-al-trabajo-navarra\/","title":{"rendered":"Planes de movilidad al trabajo Navarra"},"content":{"rendered":"<p><span style=\"font-weight: 400;\">Es necesario que acudir al empleo sea rentable y sostenible a todos los niveles. Es algo en lo que ya est\u00e1n trabajando las distintas administraciones. Desde <a href=\"https:\/\/www.ingartek.com\/es\/\">Ingartek<\/a>, como expertos en el sector, queremos mostrarte algunos de los <\/span><b>planes de movilidad al trabajo Navarra<\/b><span style=\"font-weight: 400;\">.<\/span><\/p>\n<h2>\u00bfCu\u00e1les son los planes de movilidad al trabajo Navarra?<\/h2>\n<p><b>Dentro de los planes de movilidad al trabajo Navarra se incluyen diferentes medidas para que sea m\u00e1s sostenible<\/b><span style=\"font-weight: 400;\">. El objetivo es cuidar de los recursos naturales de la zona y mejorar la calidad medioambiental. Es algo que se conseguir\u00e1 reduciendo la emisi\u00f3n de gases con efecto invernadero y mejorando las infraestructuras del transporte.<\/span><\/p>\n<p><span style=\"font-weight: 400;\">De hecho, cuentan con sus propias medidas que est\u00e1n englobadas dentro del <\/span><b>Plan Energ\u00e9tico de Navarra Horizonte 2030<\/b><span style=\"font-weight: 400;\">. Entre otras cuestiones, cuenta con estos objetivos:<\/span><\/p>\n<ul>\n<li><span style=\"font-weight: 400;\">Incentivar el transporte p\u00fablico.<\/span><\/li>\n<li><span style=\"font-weight: 400;\">Intentar reducir los desplazamientos en veh\u00edculos privados.<\/span><\/li>\n<li><span style=\"font-weight: 400;\">Minimizar el consumo energ\u00e9tico que producen los veh\u00edculos y tambi\u00e9n el da\u00f1o que generan al medioambiente.<\/span><\/li>\n<\/ul>\n<p><span style=\"font-weight: 400;\">No solo engloba los planes de movilidad al trabajo, sino tambi\u00e9n <\/span><b>un transporte que sea m\u00e1s sostenible para todos<\/b><span style=\"font-weight: 400;\">. Se basa sobre todo en promocionar tanto el transporte p\u00fablico como los veh\u00edculos sin emisiones.<\/span><\/p>\n<p><span style=\"font-weight: 400;\">Adem\u00e1s, se pretende no solo que las iniciativas sean p\u00fablicas, sino que tambi\u00e9n tanto las personas como los ciudadanos se mentalicen para conseguir una mejor planificaci\u00f3n. <\/span><b>Dentro de otras iniciativas que ponga en pr\u00e1ctica la Administraci\u00f3n Foral de Navarra.<\/b><\/p>\n<p><span style=\"font-weight: 400;\">Para conseguirlo, es importante que el transporte p\u00fablico tenga la calidad necesaria para que se convierta en una alternativa al uso del veh\u00edculo privado. Si se quiere lograr, es preciso <\/span><b>aumentar la oferta y tambi\u00e9n reducir los precios<\/b><span style=\"font-weight: 400;\">. Es algo que ya se est\u00e1 haciendo y que facilita que los ciudadanos puedan acceder a estos servicios.<\/span><\/p>\n<p><span style=\"font-weight: 400;\">Dentro del <strong><a href=\"https:\/\/www.ingartek.com\/es\/planes-estrategicos-de-movilidad-y-transporte\/\" target=\"_blank\" rel=\"noopener\">plan de movilidad<\/a> <\/strong>al trabajo se pueden incluir <\/span><b>diferentes medidas como fomentar el transporte colectivo y que sea ofrecido por las empresas. <\/b><span style=\"font-weight: 400;\">Tambi\u00e9n es importante que se pueda acceder con facilidad a otros lugares, como centros de estudios o de ocio, pero es algo en lo que tambi\u00e9n se est\u00e1 trabajando.<\/span><\/p>\n<h2>\u00bfQu\u00e9 medidas para mejorar la movilidad en Navarra se est\u00e1n tomando?<\/h2>\n<p><span style=\"font-weight: 400;\">De momento y como medida pr\u00e1ctica, durante estos primeros seis meses del a\u00f1o se est\u00e1 aplicando <\/span><b>un descuento del 50 % en los viajes en autob\u00fas que se puede considerar que est\u00e1n dentro del plan de traslado al trabajo<\/b><span style=\"font-weight: 400;\">. Decimos esto, porque se pueden beneficiar todos los usuarios de esta medida.<\/span><\/p>\n<p><span style=\"font-weight: 400;\">Sin embargo, tambi\u00e9n en otros lugares de nuestra geograf\u00eda se est\u00e1 trabajando para mejorar esta cuesti\u00f3n. Por ejemplo, est\u00e1n los <\/span><b>planes de movilidad al trabajo Comunidad de Madrid<\/b><span style=\"font-weight: 400;\">, que entre otras medidas ofrecen descuentos en el transporte.<\/span><\/p>\n<p><span style=\"font-weight: 400;\">En estos momentos, todas las ayudas de movilidad al trabajo son pocas, puesto que se necesitan m\u00e1s iniciativas para que todas estas medidas lleguen de forma directa a los ciudadanos.<\/span><\/p>\n<p><span style=\"font-weight: 400;\">Desde <a href=\"https:\/\/www.ingartek.com\/es\/\" target=\"_blank\" rel=\"noopener\">Ingartek<\/a>, como expertos, nos ofrecemos para colaborar en todos los planes de movilidad al trabajo Navarra que ya se est\u00e1n llevando a la pr\u00e1ctica.\u00a0<\/span><\/p>\n<p><a class=\"qbutton default\" href=\"https:\/\/www.ingartek.com\/es\/planes-de-movilidad-al-trabajo\/\" target=\"_self\" rel=\"noopener\">M\u00e1s informaci\u00f3n sobre \u00abPlanes de Movilidad al Trabajo para Empresas\u00bb<\/a><\/p>\n","protected":false},"excerpt":{"rendered":"<p>Es necesario que acudir al empleo sea rentable y sostenible a todos los niveles. Es algo en lo que ya est\u00e1n trabajando las distintas administraciones. Desde Ingartek, como expertos en el sector, queremos mostrarte algunos de los planes de movilidad&#8230;<\/p>\n","protected":false},"author":7,"featured_media":0,"comment_status":"closed","ping_status":"closed","sticky":false,"template":"","format":"standard","meta":{"content-type":"","footnotes":""},"categories":[124],"tags":[],"class_list":["post-26195","post","type-post","status-publish","format-standard","hentry","category-noticias"],"_links":{"self":[{"href":"https:\/\/www.ingartek.com\/es\/wp-json\/wp\/v2\/posts\/26195","targetHints":{"allow":["GET"]}}],"collection":[{"href":"https:\/\/www.ingartek.com\/es\/wp-json\/wp\/v2\/posts"}],"about":[{"href":"https:\/\/www.ingartek.com\/es\/wp-json\/wp\/v2\/types\/post"}],"author":[{"embeddable":true,"href":"https:\/\/www.ingartek.com\/es\/wp-json\/wp\/v2\/users\/7"}],"replies":[{"embeddable":true,"href":"https:\/\/www.ingartek.com\/es\/wp-json\/wp\/v2\/comments?post=26195"}],"version-history":[{"count":0,"href":"https:\/\/www.ingartek.com\/es\/wp-json\/wp\/v2\/posts\/26195\/revisions"}],"wp:attachment":[{"href":"https:\/\/www.ingartek.com\/es\/wp-json\/wp\/v2\/media?parent=26195"}],"wp:term":[{"taxonomy":"category","embeddable":true,"href":"https:\/\/www.ingartek.com\/es\/wp-json\/wp\/v2\/categories?post=26195"},{"taxonomy":"post_tag","embeddable":true,"href":"https:\/\/www.ingartek.com\/es\/wp-json\/wp\/v2\/tags?post=26195"}],"curies":[{"name":"wp","href":"https:\/\/api.w.org\/{rel}","templated":true}]}}