{"id":26191,"date":"2023-03-04T08:01:11","date_gmt":"2023-03-04T07:01:11","guid":{"rendered":"https:\/\/www.ingartek.com\/?p=26191"},"modified":"2025-03-26T16:05:58","modified_gmt":"2025-03-26T15:05:58","slug":"ayudas-a-la-movilidad-al-trabajo","status":"publish","type":"post","link":"https:\/\/www.ingartek.com\/es\/ayudas-a-la-movilidad-al-trabajo\/","title":{"rendered":"Ayudas a la movilidad al trabajo"},"content":{"rendered":"<p><span style=\"font-weight: 400;\">Con el alza de precios de los carburantes, las distintas Comunidades Aut\u00f3nomas presentan planes de <\/span><b>ayudas a la movilidad al trabajo<\/b><span style=\"font-weight: 400;\">. Desde <a href=\"https:\/\/www.ingartek.com\/es\/\">Ingartek<\/a>, como expertos en movilidad sostenible, te invitamos a conocer las de Madrid y Navarra.<\/span><\/p>\n<h2><b>\u00bfQu\u00e9 ayudas a la movilidad al trabajo hay en la Comunidad de Madrid?<\/b><\/h2>\n<p><b>Las ayudas a la movilidad al trabajo m\u00e1s destacadas de la Comunidad de Madrid tienen que ver con los abonos de <a href=\"https:\/\/www.ingartek.com\/es\/planes-estrategicos-de-movilidad-y-transporte\/\">transporte<\/a><\/b><span style=\"font-weight: 400;\">. Cuenta con una importante red de transporte p\u00fablico que incluye el acceso a autobuses, tren y metro.<\/span><\/p>\n<p><span style=\"font-weight: 400;\">Los planes de movilidad al trabajo Comunidad de Madrid son de los mejores de todo el pa\u00eds y se centran en abonos de transporte que tienen un precio muy asequible, sobre todo si se compara con el desplazamiento en coche privado.<\/span><\/p>\n<p><span style=\"font-weight: 400;\">Las tarifas del abono en Madrid van desde los 47,9 euros a los 131,8 euros mensuales. Es interesante que solo se abonar\u00e1n 10 de estos meses si se opta por comprar el abono anual. Adem\u00e1s, las familias numerosas o con alg\u00fan miembro con discapacidad <\/span><b>tienen un descuento en estos planes de movilidad al trabajo<\/b><span style=\"font-weight: 400;\">, son estos:<\/span><\/p>\n<ul>\n<li><span style=\"font-weight: 400;\"> \u00a0 \u00a0 \u00a0 <\/span><span style=\"font-weight: 400;\">Las familias numerosas generales un descuento del 20 %.<\/span><\/li>\n<li><span style=\"font-weight: 400;\"> \u00a0 \u00a0 \u00a0 <\/span><span style=\"font-weight: 400;\">Las familias numerosas especiales un descuento del 50 %.<\/span><\/li>\n<\/ul>\n<p><span style=\"font-weight: 400;\">Adem\u00e1s<\/span><b>, los trabajadores de hasta 25 a\u00f1os se pueden beneficiar de adquirir el Abono Joven, que tiene un precio inicial de solo 4 euros y despu\u00e9s de 8 euros mensuales hasta el pr\u00f3ximo 30 de junio.<\/b><span style=\"font-weight: 400;\"> Pueden viajar por toda la comunidad por este precio tan reducido. Adem\u00e1s, si pertenece a una familia numerosa o tiene alg\u00fan tipo de discapacidad tambi\u00e9n podr\u00e1 disfrutar de los descuentos correspondientes.<\/span><\/p>\n<h2><b>\u00bfCu\u00e1les son los planes de movilidad al trabajo Navarra?<\/b><\/h2>\n<p><span style=\"font-weight: 400;\">Como dec\u00edamos, nos vamos a centrar tambi\u00e9n en el plan de traslado al trabajo que existe en la Comunidad de Navarra. Est\u00e1 previsto que <\/span><b>durante estos primeros seis meses se aplique un descuento del 50 % en el precio del abono de transporte p\u00fablico en autob\u00fas<\/b><span style=\"font-weight: 400;\">. Se calcula que este beneficio se podr\u00e1 aplicar en m\u00e1s de 100.000 viajes. Las ayudas ser\u00e1n asumidas tanto por el Gobierno del Estado como por el Ejecutivo Foral, un 30 y un 20 % respectivamente.<\/span><\/p>\n<p><b>El objetivo de estas ayudas es fomentar el uso del autob\u00fas como medio de transporte p\u00fablico al ser m\u00e1s sostenible<\/b><span style=\"font-weight: 400;\">. Tambi\u00e9n paliar el aumento del precio de los carburantes y que las familias puedan soportar estos incrementos que no dejan de ser constantes.<\/span><\/p>\n<p><span style=\"font-weight: 400;\">A falta de una Ley de movilidad al trabajo que englobe todo el territorio, como la que se ha dado en Renfe, las que toman las distintas Comunidades Aut\u00f3nomas son siempre una ayuda.<\/span><\/p>\n<p><span style=\"font-weight: 400;\">Desde <a href=\"https:\/\/www.ingartek.com\/es\/\">Ingartek<\/a> seguiremos informando de todas las ayudas de <a href=\"https:\/\/www.ingartek.com\/es\/estudios-de-movilidad-y-trafico\/\">movilidad al trabajo<\/a> que vayan saliendo en todo el pa\u00eds.\u00a0<\/span><\/p>\n<p><a class=\"qbutton default\" href=\"https:\/\/www.ingartek.com\/es\/planes-de-movilidad-al-trabajo\/\" target=\"_self\" rel=\"noopener\">M\u00e1s informaci\u00f3n sobre \u00abPlanes de Movilidad al Trabajo para Empresas\u00bb<\/a><\/p>\n","protected":false},"excerpt":{"rendered":"<p>Con el alza de precios de los carburantes, las distintas Comunidades Aut\u00f3nomas presentan planes de ayudas a la movilidad al trabajo. Desde Ingartek, como expertos en movilidad sostenible, te invitamos a conocer las de Madrid y Navarra. \u00bfQu\u00e9 ayudas a&#8230;<\/p>\n","protected":false},"author":7,"featured_media":0,"comment_status":"closed","ping_status":"closed","sticky":false,"template":"","format":"standard","meta":{"content-type":"","footnotes":""},"categories":[124],"tags":[],"class_list":["post-26191","post","type-post","status-publish","format-standard","hentry","category-noticias"],"_links":{"self":[{"href":"https:\/\/www.ingartek.com\/es\/wp-json\/wp\/v2\/posts\/26191","targetHints":{"allow":["GET"]}}],"collection":[{"href":"https:\/\/www.ingartek.com\/es\/wp-json\/wp\/v2\/posts"}],"about":[{"href":"https:\/\/www.ingartek.com\/es\/wp-json\/wp\/v2\/types\/post"}],"author":[{"embeddable":true,"href":"https:\/\/www.ingartek.com\/es\/wp-json\/wp\/v2\/users\/7"}],"replies":[{"embeddable":true,"href":"https:\/\/www.ingartek.com\/es\/wp-json\/wp\/v2\/comments?post=26191"}],"version-history":[{"count":0,"href":"https:\/\/www.ingartek.com\/es\/wp-json\/wp\/v2\/posts\/26191\/revisions"}],"wp:attachment":[{"href":"https:\/\/www.ingartek.com\/es\/wp-json\/wp\/v2\/media?parent=26191"}],"wp:term":[{"taxonomy":"category","embeddable":true,"href":"https:\/\/www.ingartek.com\/es\/wp-json\/wp\/v2\/categories?post=26191"},{"taxonomy":"post_tag","embeddable":true,"href":"https:\/\/www.ingartek.com\/es\/wp-json\/wp\/v2\/tags?post=26191"}],"curies":[{"name":"wp","href":"https:\/\/api.w.org\/{rel}","templated":true}]}}