{"id":25525,"date":"2023-02-16T13:54:11","date_gmt":"2023-02-16T12:54:11","guid":{"rendered":"https:\/\/www.ingartek.com\/?p=25525"},"modified":"2025-03-26T16:05:58","modified_gmt":"2025-03-26T15:05:58","slug":"retos-de-la-electrificacion-de-la-movilidad","status":"publish","type":"post","link":"https:\/\/www.ingartek.com\/es\/retos-de-la-electrificacion-de-la-movilidad\/","title":{"rendered":"Retos de la electrificaci\u00f3n de la movilidad"},"content":{"rendered":"<p><span style=\"font-weight: 400;\">La <\/span><b>movilidad el\u00e9ctrica<\/b><span style=\"font-weight: 400;\"> ya se ha instaurado en nuestra sociedad. Cada d\u00eda aumenta el n\u00famero de <\/span><b>veh\u00edculos el\u00e9ctricos<\/b><span style=\"font-weight: 400;\">. Pero, \u00bfcu\u00e1les son los retos principales que trae consigo la electrificaci\u00f3n de la movilidad?<\/span><\/p>\n<p><span style=\"font-weight: 400;\">Esta vez, <a href=\"https:\/\/www.ingartek.com\/es\/\"><strong>Ingartek<\/strong> <\/a>ha realizado un webinar en colaboraci\u00f3n con el <strong>Ayuntamiento de Madrid<\/strong>, para conocer de cerca c\u00f3mo gestiona la ciudad el auge de la electrificaci\u00f3n de la movilidad: cu\u00e1ntos veh\u00edculos el\u00e9ctricos circulan por Madrid, cu\u00e1ntos puntos de recarga de bater\u00edas de veh\u00edculos, etc.<\/span><\/p>\n<h2><b>\u00bfCu\u00e1ntos puntos de recarga de bater\u00edas de veh\u00edculos el\u00e9ctricos se necesitaran en un futuro?<\/b><\/h2>\n<p><span style=\"font-weight: 400;\">En el webinar han respondido a cuestones como esta, cuya respuesta es que aunque existen previsiones, es dif\u00edcil establecer una cifra, ya que las <strong>administraciones p\u00fablicas<\/strong> se encuentran en una fase de constante <strong>an\u00e1lisis sobre la electrificaci\u00f3n de la movilidad<\/strong> y los diferentes modelos de gesti\u00f3n posibles.<\/span><\/p>\n<p><span style=\"font-weight: 400;\">La gesti\u00f3n de la movilidad el\u00e9ctrica en los espacios p\u00fablicos es un debate muy actual y en el <strong>webinar<\/strong> se han abordado las dificultades y retos que tiene la administraci\u00f3n a la hora de implantar infraestructuras de recarga el\u00e9ctrica en los aparcamientos p\u00fablicos.<\/span><\/p>\n<p>Las y los encargados de impartir el webinar sobre los retos de la electrificaci\u00f3n de la movilidad han sido <b>Carlos Balado<\/b><span style=\"font-weight: 400;\">, socio-fundador de Ingartek, la Subdirectora General de Gesti\u00f3n de Aparcamientos, <\/span><b>Beatriz Provencio Garc\u00eda<\/b><span style=\"font-weight: 400;\"> y el Ingeniero de la Subdirecci\u00f3n General de Energ\u00eda y Cambio Clim\u00e1tico y <\/span><b>Fernando del Valle Madrigal.<\/b><\/p>\n<p><span style=\"font-weight: 400;\">Puedes ver el webinar al completo aqu\u00ed:<\/span><\/p>\n<p style=\"text-align: center;\"><button class=\"qbutton ipz-button\" type=\"button\" data-host=\"ingartek.ipzmarketing.com\" data-protocol=\"https\" data-token=\"hUBzjpeitpU\">Suscribirse para ver el Webinar<\/button><\/p>\n<p><img loading=\"lazy\" decoding=\"async\" class=\"aligncenter wp-image-28296 size-full\" src=\"https:\/\/www.ingartek.com\/wp-content\/uploads\/2023\/02\/ingartek-webinar-retos-electrificacion-de-la-movilidad-v1.jpg\" alt=\"\" width=\"700\" height=\"380\" title=\"\" srcset=\"https:\/\/www.ingartek.com\/wp-content\/uploads\/2023\/02\/ingartek-webinar-retos-electrificacion-de-la-movilidad-v1.jpg 700w, https:\/\/www.ingartek.com\/wp-content\/uploads\/2023\/02\/ingartek-webinar-retos-electrificacion-de-la-movilidad-v1-300x163.jpg 300w\" sizes=\"auto, (max-width: 700px) 100vw, 700px\" \/><\/p>\n<p>Si quieres m\u00e1s informaci\u00f3n, contacta con <b>Carlos Balado<\/b>, socio de\u00a0<a href=\"https:\/\/www.ingartek.com\/es\/\">Ingartek<\/a>\u00a0en\u00a0<a href=\"mailto:balado@ingartek.com\">balado@ingartek.com<\/a>.<\/p>\n<p>&nbsp;<\/p>\n","protected":false},"excerpt":{"rendered":"<p>La movilidad el\u00e9ctrica ya se ha instaurado en nuestra sociedad. Cada d\u00eda aumenta el n\u00famero de veh\u00edculos el\u00e9ctricos. Pero, \u00bfcu\u00e1les son los retos principales que trae consigo la electrificaci\u00f3n de la movilidad? Esta vez, Ingartek ha realizado un webinar en&#8230;<\/p>\n","protected":false},"author":7,"featured_media":0,"comment_status":"closed","ping_status":"closed","sticky":false,"template":"","format":"standard","meta":{"content-type":"","footnotes":""},"categories":[124],"tags":[],"class_list":["post-25525","post","type-post","status-publish","format-standard","hentry","category-noticias"],"_links":{"self":[{"href":"https:\/\/www.ingartek.com\/es\/wp-json\/wp\/v2\/posts\/25525","targetHints":{"allow":["GET"]}}],"collection":[{"href":"https:\/\/www.ingartek.com\/es\/wp-json\/wp\/v2\/posts"}],"about":[{"href":"https:\/\/www.ingartek.com\/es\/wp-json\/wp\/v2\/types\/post"}],"author":[{"embeddable":true,"href":"https:\/\/www.ingartek.com\/es\/wp-json\/wp\/v2\/users\/7"}],"replies":[{"embeddable":true,"href":"https:\/\/www.ingartek.com\/es\/wp-json\/wp\/v2\/comments?post=25525"}],"version-history":[{"count":0,"href":"https:\/\/www.ingartek.com\/es\/wp-json\/wp\/v2\/posts\/25525\/revisions"}],"wp:attachment":[{"href":"https:\/\/www.ingartek.com\/es\/wp-json\/wp\/v2\/media?parent=25525"}],"wp:term":[{"taxonomy":"category","embeddable":true,"href":"https:\/\/www.ingartek.com\/es\/wp-json\/wp\/v2\/categories?post=25525"},{"taxonomy":"post_tag","embeddable":true,"href":"https:\/\/www.ingartek.com\/es\/wp-json\/wp\/v2\/tags?post=25525"}],"curies":[{"name":"wp","href":"https:\/\/api.w.org\/{rel}","templated":true}]}}