{"id":25489,"date":"2023-02-06T09:17:35","date_gmt":"2023-02-06T08:17:35","guid":{"rendered":"https:\/\/www.ingartek.com\/?p=25489"},"modified":"2025-03-26T16:05:58","modified_gmt":"2025-03-26T15:05:58","slug":"webinar-de-ingartek-y-el-ayuntamiento-de-madrid-sobre-la-movilidad-electrica-e-implantacion-de-puntos-de-recarga","status":"publish","type":"post","link":"https:\/\/www.ingartek.com\/es\/webinar-de-ingartek-y-el-ayuntamiento-de-madrid-sobre-la-movilidad-electrica-e-implantacion-de-puntos-de-recarga\/","title":{"rendered":"Webinar de Ingartek y el Ayuntamiento de Madrid sobre la movilidad el\u00e9ctrica e implantaci\u00f3n de puntos de recarga"},"content":{"rendered":"<p><span style=\"font-weight: 400;\">Ingartek, <\/span><a href=\"https:\/\/www.ingartek.com\/es\/planes-estrategicos-de-movilidad-y-transporte\/\"><span style=\"font-weight: 400;\">expertos en movilidad y transporte<\/span><\/a><span style=\"font-weight: 400;\">, ofrecer\u00e1 un nuevo webinar sobre <\/span><b>la electrificaci\u00f3n de la movilidad<\/b><span style=\"font-weight: 400;\"> el 16 de febrero, esta vez en colaboraci\u00f3n con el Ayuntamiento de Madrid, concretamente del departamento de Medioambiente y Movilidad.<\/span><\/p>\n<p><span style=\"font-weight: 400;\">El webinar girar\u00e1 en torno a uno de los principales retos de la <\/span><b>movilidad el\u00e9ctrica<\/b><span style=\"font-weight: 400;\">: la <\/span><b>estrategia de implantaci\u00f3n de puntos de recarga para veh\u00edculos el\u00e9ctricos<\/b><span style=\"font-weight: 400;\">. Ser\u00e1 el <\/span><b>jueves, 16 de febrero del 2023, a las 12:00<\/b><span style=\"font-weight: 400;\">.<\/span><\/p>\n<h2><b>Retos de la movilidad el\u00e9ctrica<\/b><\/h2>\n<p><span style=\"font-weight: 400;\">La <\/span><b>movilidad el\u00e9ctrica<\/b><span style=\"font-weight: 400;\"> es ya una realidad en nuestra sociedad. El n\u00famero de <\/span><b>veh\u00edculos el\u00e9ctricos<\/b><span style=\"font-weight: 400;\"> se incrementa mes a mes y cada vez es m\u00e1s habitual ver <\/span><b>veh\u00edculos el\u00e9ctricos en espacios p\u00fablicos<\/b><span style=\"font-weight: 400;\">, circulando o recargando. Al encontrarnos en un momento inicial de su despliegue, los gestores de movilidad se plantean preguntas al respecto: las problem\u00e1ticas para su implantaci\u00f3n, las posibilidades de recarga de veh\u00edculos el\u00e9ctricos y, sobre todo, sus ventajas e inconvenientes.<\/span><\/p>\n<p><span style=\"font-weight: 400;\">Debido a todas estas inquietudes, <\/span><b>Ingartek, <\/b><span style=\"font-weight: 400;\">como experto en movilidad y transporte<\/span><b>, <\/b><span style=\"font-weight: 400;\">ha organizado un webinar, junto con el Ayuntamiento de Madrid, para dar visibilidad a los retos planteados y responder a las principales preguntas y preocupaciones que est\u00e1n surgiendo acerca de la transformaci\u00f3n de la movilidad el\u00e9ctrica.<\/span><\/p>\n<h2><b>\u00bfC\u00f3mo afecta la electrificaci\u00f3n de la movilidad a veh\u00edculos particulares?<\/b><\/h2>\n<p><span style=\"font-weight: 400;\">En el webinar las y los expertos hablar\u00e1n sobre c\u00f3mo afecta la electrificaci\u00f3n de la movilidad a veh\u00edculos particulares. <\/span><b>Ingartek<\/b><span style=\"font-weight: 400;\"> y el <\/span><b>departamento de Medio Ambiente y Movilidad del Ayuntamiento de Madrid <\/b><span style=\"font-weight: 400;\">abordar\u00e1n aspectos como:<\/span><\/p>\n<ul>\n<li aria-level=\"1\"><b>Implantaci\u00f3n de infraestructura de recarga el\u00e9ctrica de acceso p\u00fablico.<\/b><\/li>\n<\/ul>\n<ul>\n<li aria-level=\"1\"><b>Dificultades jur\u00eddicas, requisitos t\u00e9cnicos y medidas adoptadas de la estrategia de implantaci\u00f3n de la infraestructura de recarga el\u00e9ctrica en los aparcamientos p\u00fablicos del Ayuntamiento de Madrid.<\/b><\/li>\n<\/ul>\n<p><span style=\"font-weight: 400;\">En el webinar participar\u00e1n el socio-fundador de Ingartek, <\/span><b>Carlos Balado<\/b><span style=\"font-weight: 400;\">, y por parte del Ayuntamiento de Madrid<\/span><span style=\"font-weight: 400;\"> el Ingeniero de la Subdirecci\u00f3n General de Energ\u00eda y Cambio Clim\u00e1tico, <\/span><b>Fernando del Valle Madrigal<\/b><span style=\"font-weight: 400;\">.\u00a0<\/span><\/p>\n<p><span style=\"font-weight: 400;\">Te esperamos el jueves, 16 de febrero, a las 12:00.<\/span><\/p>\n<p style=\"text-align: center;\"><strong>Haz click en el bot\u00f3n de abajo para apuntarte:<\/strong><\/p>\n<p style=\"text-align: center;\"><a itemprop=\"url\" href=\"https:\/\/us02web.zoom.us\/webinar\/register\/WN_hxpjT2kUTMOzQIQjS9oXtA\" target=\"_blank\" class=\"qbutton  default\" style=\"\" rel=\"nofollow noopener\">INSCRIBIRME<i class=\"qode_icon_font_awesome fa fa-align-center qode_button_icon_element\" style=\"color: #a80000\"><\/i><\/a><\/p>\n<p style=\"text-align: center;\">\n","protected":false},"excerpt":{"rendered":"<p>Ingartek, expertos en movilidad y transporte, ofrecer\u00e1 un nuevo webinar sobre la electrificaci\u00f3n de la movilidad el 16 de febrero, esta vez en colaboraci\u00f3n con el Ayuntamiento de Madrid, concretamente del departamento de Medioambiente y Movilidad. El webinar girar\u00e1 en&#8230;<\/p>\n","protected":false},"author":7,"featured_media":0,"comment_status":"closed","ping_status":"closed","sticky":false,"template":"","format":"standard","meta":{"content-type":"","footnotes":""},"categories":[124,1979],"tags":[],"class_list":["post-25489","post","type-post","status-publish","format-standard","hentry","category-noticias","category-webinar"],"_links":{"self":[{"href":"https:\/\/www.ingartek.com\/es\/wp-json\/wp\/v2\/posts\/25489","targetHints":{"allow":["GET"]}}],"collection":[{"href":"https:\/\/www.ingartek.com\/es\/wp-json\/wp\/v2\/posts"}],"about":[{"href":"https:\/\/www.ingartek.com\/es\/wp-json\/wp\/v2\/types\/post"}],"author":[{"embeddable":true,"href":"https:\/\/www.ingartek.com\/es\/wp-json\/wp\/v2\/users\/7"}],"replies":[{"embeddable":true,"href":"https:\/\/www.ingartek.com\/es\/wp-json\/wp\/v2\/comments?post=25489"}],"version-history":[{"count":0,"href":"https:\/\/www.ingartek.com\/es\/wp-json\/wp\/v2\/posts\/25489\/revisions"}],"wp:attachment":[{"href":"https:\/\/www.ingartek.com\/es\/wp-json\/wp\/v2\/media?parent=25489"}],"wp:term":[{"taxonomy":"category","embeddable":true,"href":"https:\/\/www.ingartek.com\/es\/wp-json\/wp\/v2\/categories?post=25489"},{"taxonomy":"post_tag","embeddable":true,"href":"https:\/\/www.ingartek.com\/es\/wp-json\/wp\/v2\/tags?post=25489"}],"curies":[{"name":"wp","href":"https:\/\/api.w.org\/{rel}","templated":true}]}}