{"id":25339,"date":"2023-01-11T10:34:00","date_gmt":"2023-01-11T09:34:00","guid":{"rendered":"https:\/\/www.ingartek.com\/?p=25339"},"modified":"2025-03-26T16:05:59","modified_gmt":"2025-03-26T15:05:59","slug":"zona-de-bajas-emisiones-en-barcelona","status":"publish","type":"post","link":"https:\/\/www.ingartek.com\/es\/zona-de-bajas-emisiones-en-barcelona\/","title":{"rendered":"Zona de bajas emisiones en Barcelona"},"content":{"rendered":"<p><span style=\"font-weight: 400;\">Cada vez estamos m\u00e1s concienciados de lo importante que resulta cuidar del medioambiente. Todas las acciones cuentan, pero sin duda son las de las autoridades las que m\u00e1s valor tienen. Las ciudades cada vez toman m\u00e1s medidas para evitar la contaminaci\u00f3n y desde <a href=\"https:\/\/www.ingartek.com\/es\/\">Ingartek<\/a>, como expertos en <a href=\"https:\/\/www.ingartek.com\/es\/planes-estrategicos-de-movilidad-y-transporte\/\">movilidad<\/a>, te queremos mostrar qu\u00e9 localidades incluye la <\/span><b><a href=\"https:\/\/www.ingartek.com\/es\/zonas-de-bajas-emisiones\/\">zona de bajas emisiones<\/a> Barcelona<\/b><span style=\"font-weight: 400;\">.<\/span><\/p>\n<h2><b>\u00bfQu\u00e9 es la zona de bajas emisiones Barcelona?<\/b><\/h2>\n<p><span style=\"font-weight: 400;\">La <\/span><b>zona de bajas emisiones Barcelona<\/b> <b>son aquellas \u00e1reas de la ciudad en la que no pueden entrar los veh\u00edculos m\u00e1s contaminantes<\/b><span style=\"font-weight: 400;\">. Son los coches que no cuentan con el distintivo ambiental de la Direcci\u00f3n General de Tr\u00e1fico, DGT. Si lo hacen, se exponen a recibir una multa.\u00a0<\/span><\/p>\n<h2><b>\u00bfQu\u00e9 \u00e1reas incluye la zona de bajas emisiones Barcelona?<\/b><\/h2>\n<p><span style=\"font-weight: 400;\">Por ahora, <\/span><b>las zonas de bajas emisiones de Barcelona<\/b><span style=\"font-weight: 400;\"> afectan a Barcelona, L&#8217;Hospitalet de Llobregat, Sant Adri\u00e0 de Bes\u00f2s, a una parte de Esplugues de Llobregat y de Cornell\u00e0 de Llobregat.\u00a0<\/span><\/p>\n<h2><b>\u00bfZona de bajas emisiones hasta cu\u00e1ndo seguir\u00e1n siendo las actuales?<\/b><\/h2>\n<p><span style=\"font-weight: 400;\">Para el 2025, est\u00e1 previsto que se incluyan <\/span><b>nuevos municipios y que afecte a 67 poblaciones<\/b><span style=\"font-weight: 400;\">, estas son algunas:<\/span><\/p>\n<ul>\n<li style=\"font-weight: 400;\" aria-level=\"1\"><span style=\"font-weight: 400;\">Todas las que rodean Barcelona, incluidas Baix Llobregat y el Garraf.<\/span><\/li>\n<li style=\"font-weight: 400;\" aria-level=\"1\"><span style=\"font-weight: 400;\">El \u00c1rea del Vall\u00e8s Occidental.<\/span><\/li>\n<li style=\"font-weight: 400;\" aria-level=\"1\"><span style=\"font-weight: 400;\">El Camp de Tarragona.<\/span><\/li>\n<li style=\"font-weight: 400;\" aria-level=\"1\"><span style=\"font-weight: 400;\">Amposta.<\/span><\/li>\n<li style=\"font-weight: 400;\" aria-level=\"1\"><span style=\"font-weight: 400;\">Tortosa.<\/span><\/li>\n<li style=\"font-weight: 400;\" aria-level=\"1\"><span style=\"font-weight: 400;\">La conurbaci\u00f3n de Girona.<\/span><\/li>\n<li style=\"font-weight: 400;\" aria-level=\"1\"><span style=\"font-weight: 400;\">Lleida ciudad.<\/span><\/li>\n<li style=\"font-weight: 400;\" aria-level=\"1\"><span style=\"font-weight: 400;\">Las capitales m\u00e1s importantes de Catalunya Central, como Vic, Manresa, Igualada, Manlleu o Vilafranca del Pened\u00e8s, entre otras.\u00a0<\/span><\/li>\n<\/ul>\n<p><span style=\"font-weight: 400;\">Para circular por estas zonas ser\u00e1 necesario tener etiqueta b Barcelona, pero tambi\u00e9n la 0, la ECO o la C. En general, el plan de la Generalitat es que <\/span><b>para el a\u00f1o 2025 todas las ciudades que tengan m\u00e1s de 20.000 habitantes cuenten con <a href=\"https:\/\/www.ingartek.com\/es\/zonas-de-bajas-emisiones\/\">zonas de bajas emisiones<\/a><\/b><span style=\"font-weight: 400;\"> para proteger el medioambiente.\u00a0<\/span><\/p>\n<h2><b>Zona bajas emisiones Barcelona horarios<\/b><\/h2>\n<p><span style=\"font-weight: 400;\">A partir del 1 de enero de 2023, los horarios de las zonas de bajas emisiones de Barcelona ser\u00e1n <\/span><b>de lunes a viernes, desde las 7 de la ma\u00f1ana y hasta la 8 de la tarde<\/b><span style=\"font-weight: 400;\">. Durante esa franja los veh\u00edculos m\u00e1s contaminantes no podr\u00e1n entrar en las \u00e1reas que ya hemos mencionado.\u00a0<\/span><\/p>\n<p><span style=\"font-weight: 400;\">Debes saber que si no tienes el distintivo medioambiental y necesitas entrar de manera puntual en una de estas zonas, puedes <\/span><b>pedir una solicitud en la p\u00e1gina web de <\/b><a href=\"https:\/\/www.amb.cat\/s\/web\/mobilitat\/mobilitat.html\" rel=\"nofollow noopener\" target=\"_blank\"><b>AMB Mobilitat<\/b><\/a><b>.\u00a0<\/b><\/p>\n<p><span style=\"font-weight: 400;\">En <\/span><a href=\"https:\/\/www.ingartek.com\/es\/\"><b>Ingartek<\/b><\/a><span style=\"font-weight: 400;\">, como expertos en movilidad urbana sostenible, nos sumamos a esta clase de iniciativas y ponemos a disposici\u00f3n de los diferentes organismos nuestros <a href=\"https:\/\/www.ingartek.com\/es\/servicios\/\">servicios<\/a> como expertos. Tanto a la hora de dise\u00f1ar <a href=\"https:\/\/www.ingartek.com\/es\/zonas-de-bajas-emisiones\/\">planes para zona de bajas emisiones<\/a> Barcelona como en cualquier otro lugar.\u00a0<\/span><\/p>\n","protected":false},"excerpt":{"rendered":"<p>Cada vez estamos m\u00e1s concienciados de lo importante que resulta cuidar del medioambiente. Todas las acciones cuentan, pero sin duda son las de las autoridades las que m\u00e1s valor tienen. Las ciudades cada vez toman m\u00e1s medidas para evitar la&#8230;<\/p>\n","protected":false},"author":7,"featured_media":0,"comment_status":"closed","ping_status":"closed","sticky":false,"template":"","format":"standard","meta":{"content-type":"","footnotes":""},"categories":[124],"tags":[],"class_list":["post-25339","post","type-post","status-publish","format-standard","hentry","category-noticias"],"_links":{"self":[{"href":"https:\/\/www.ingartek.com\/es\/wp-json\/wp\/v2\/posts\/25339","targetHints":{"allow":["GET"]}}],"collection":[{"href":"https:\/\/www.ingartek.com\/es\/wp-json\/wp\/v2\/posts"}],"about":[{"href":"https:\/\/www.ingartek.com\/es\/wp-json\/wp\/v2\/types\/post"}],"author":[{"embeddable":true,"href":"https:\/\/www.ingartek.com\/es\/wp-json\/wp\/v2\/users\/7"}],"replies":[{"embeddable":true,"href":"https:\/\/www.ingartek.com\/es\/wp-json\/wp\/v2\/comments?post=25339"}],"version-history":[{"count":0,"href":"https:\/\/www.ingartek.com\/es\/wp-json\/wp\/v2\/posts\/25339\/revisions"}],"wp:attachment":[{"href":"https:\/\/www.ingartek.com\/es\/wp-json\/wp\/v2\/media?parent=25339"}],"wp:term":[{"taxonomy":"category","embeddable":true,"href":"https:\/\/www.ingartek.com\/es\/wp-json\/wp\/v2\/categories?post=25339"},{"taxonomy":"post_tag","embeddable":true,"href":"https:\/\/www.ingartek.com\/es\/wp-json\/wp\/v2\/tags?post=25339"}],"curies":[{"name":"wp","href":"https:\/\/api.w.org\/{rel}","templated":true}]}}