{"id":25240,"date":"2022-12-21T13:36:18","date_gmt":"2022-12-21T12:36:18","guid":{"rendered":"https:\/\/www.ingartek.com\/?p=25240"},"modified":"2025-03-26T16:05:59","modified_gmt":"2025-03-26T15:05:59","slug":"ley-de-movilidad-urbana","status":"publish","type":"post","link":"https:\/\/www.ingartek.com\/es\/ley-de-movilidad-urbana\/","title":{"rendered":"Ley de movilidad urbana"},"content":{"rendered":"<p><span style=\"font-weight: 400;\">El tr\u00e1fico, el transporte p\u00fablico o el dise\u00f1o de las calles son aspectos claves para lograr unas ciudades m\u00e1s sostenibles y c\u00f3modas para sus ciudadanos. Con la nueva <\/span><b>Ley de Movilidad Urbana<\/b><span style=\"font-weight: 400;\"> se espera alcanzar mejoras importantes a este nivel.<\/span><\/p>\n<h2><b>\u00bfQu\u00e9 nuevos cambios se esperan en la Ley de Movilidad Urbana Sostenible?<\/b><\/h2>\n<p><span style=\"font-weight: 400;\">Est\u00e1 previsto que <\/span><b>el Gobierno apruebe la nueva Ley de Movilidad Sostenible antes de que finalice este a\u00f1o<\/b><span style=\"font-weight: 400;\">. La raz\u00f3n es que consideran que descarbonizar resulta muy rentable. Es al menos lo que afirma la ministra de Transportes, Movilidad y Agenda Urbana, Raquel S\u00e1nchez.<\/span><\/p>\n<p><span style=\"font-weight: 400;\">Lo ha hecho durante el foro de representantes, reguladores y usuarios de la movilidad y la automoci\u00f3n. Adem\u00e1s, la Ministra ha insistido en que apoyar\u00e1 todas las iniciativas que se tomen para garantizar que Espa\u00f1a est\u00e9 a la altura del sector del autom\u00f3vil y no se quede atr\u00e1s. <\/span><b>Instalando los puntos de recarga necesarios para facilitar la adquisici\u00f3n de veh\u00edculos el\u00e9ctricos<\/b><span style=\"font-weight: 400;\">.<\/span><\/p>\n<p><span style=\"font-weight: 400;\">Entre los planes de accesibilidad est\u00e1 previsto impulsar <\/span><b>una movilidad m\u00e1s sostenible por medio del <a href=\"https:\/\/www.ingartek.com\/es\/auditorias-de-servicio-de-transporte\/\">transporte p\u00fablico<\/a> y sobre todo del tren<\/b><span style=\"font-weight: 400;\">. En el corredor mediterr\u00e1neo se han incorporado 600 kil\u00f3metros m\u00e1s de recorrido para los pr\u00f3ximos 4 a\u00f1os y est\u00e1 previsto que finalicen las obras de otros 700 kil\u00f3metros.<\/span><\/p>\n<h2><b>\u00bfQu\u00e9 m\u00e1s engloba la Ley sobre movilidad sostenible?<\/b><\/h2>\n<p><span style=\"font-weight: 400;\">Para cumplir con la estrategia de descarbonizaci\u00f3n est\u00e1 previsto <\/span><b>movilizar m\u00e1s de 13.000 millones en proyectos de <a href=\"https:\/\/www.ingartek.com\/es\/planes-estrategicos-de-movilidad-y-transporte\/\">movilidad sostenible<\/a><\/b><span style=\"font-weight: 400;\">. Adem\u00e1s, se calcula que se crear\u00e1n m\u00e1s de 180.000 empleos a medio plazo y que se aportar\u00e1 al Producto Interior Bruto alrededor de 20.000 millones.<\/span><\/p>\n<p><span style=\"font-weight: 400;\">Tambi\u00e9n para lograr una movilidad urbana sostenible hay que impulsar los veh\u00edculos el\u00e9ctricos, como ya hemos comentado. De hecho, se tiene un objetivo para el a\u00f1o 2030 y es que haya <\/span><b>m\u00e1s de cinco millones de esta clase de coches en nuestras ciudades.<\/b><\/p>\n<h2><b>\u00bfQu\u00e9 podemos hacer en Ingartek por la movilidad sostenible?<\/b><\/h2>\n<p><b>En <a href=\"https:\/\/www.ingartek.com\/es\/\">Ingartek<\/a> somos una consultor\u00eda de tr\u00e1fico especializada en la regeneraci\u00f3n urbana a trav\u00e9s de diferentes planes estrat\u00e9gicos<\/b><span style=\"font-weight: 400;\">. Analizamos las necesidades de cada ciudad y despu\u00e9s planteamos un mejor dise\u00f1o a este nivel.<\/span><\/p>\n<p><span style=\"font-weight: 400;\">Gracias a nuestros estudios de movilidad y tr\u00e1fico podemos efectuar <\/span><b>el dise\u00f1o adecuado de cada ciudad<\/b><span style=\"font-weight: 400;\">. Trabajamos a todos los niveles y presentamos un proyecto para que se pueda integrar en la localidad. De esta forma, poco a poco mejorar\u00e1n los diferentes servicios con los que cuenta.<\/span><\/p>\n<p><span style=\"font-weight: 400;\">Si quieres conocer m\u00e1s sobre estos planes de movilidad, ponte en <strong><a href=\"https:\/\/www.ingartek.com\/es\/contacto\/\">contacto<\/a> <\/strong>con nuestro equipo y te mostraremos todo lo que debes conocer para mejorar aspectos tan importantes como este en tu ciudad.<\/span><\/p>\n","protected":false},"excerpt":{"rendered":"<p>El tr\u00e1fico, el transporte p\u00fablico o el dise\u00f1o de las calles son aspectos claves para lograr unas ciudades m\u00e1s sostenibles y c\u00f3modas para sus ciudadanos. Con la nueva Ley de Movilidad Urbana se espera alcanzar mejoras importantes a este nivel&#8230;.<\/p>\n","protected":false},"author":7,"featured_media":0,"comment_status":"closed","ping_status":"closed","sticky":false,"template":"","format":"standard","meta":{"content-type":"","footnotes":""},"categories":[124],"tags":[],"class_list":["post-25240","post","type-post","status-publish","format-standard","hentry","category-noticias"],"_links":{"self":[{"href":"https:\/\/www.ingartek.com\/es\/wp-json\/wp\/v2\/posts\/25240","targetHints":{"allow":["GET"]}}],"collection":[{"href":"https:\/\/www.ingartek.com\/es\/wp-json\/wp\/v2\/posts"}],"about":[{"href":"https:\/\/www.ingartek.com\/es\/wp-json\/wp\/v2\/types\/post"}],"author":[{"embeddable":true,"href":"https:\/\/www.ingartek.com\/es\/wp-json\/wp\/v2\/users\/7"}],"replies":[{"embeddable":true,"href":"https:\/\/www.ingartek.com\/es\/wp-json\/wp\/v2\/comments?post=25240"}],"version-history":[{"count":0,"href":"https:\/\/www.ingartek.com\/es\/wp-json\/wp\/v2\/posts\/25240\/revisions"}],"wp:attachment":[{"href":"https:\/\/www.ingartek.com\/es\/wp-json\/wp\/v2\/media?parent=25240"}],"wp:term":[{"taxonomy":"category","embeddable":true,"href":"https:\/\/www.ingartek.com\/es\/wp-json\/wp\/v2\/categories?post=25240"},{"taxonomy":"post_tag","embeddable":true,"href":"https:\/\/www.ingartek.com\/es\/wp-json\/wp\/v2\/tags?post=25240"}],"curies":[{"name":"wp","href":"https:\/\/api.w.org\/{rel}","templated":true}]}}