{"id":24764,"date":"2022-11-08T11:33:05","date_gmt":"2022-11-08T10:33:05","guid":{"rendered":"https:\/\/www.ingartek.com\/?p=24764"},"modified":"2025-03-26T16:06:00","modified_gmt":"2025-03-26T15:06:00","slug":"si-tu-centro-de-trabajo-tiene-mas-de-100-trabajadores-por-turno-necesitas-un-plan-de-movilidad-al-trabajo","status":"publish","type":"post","link":"https:\/\/www.ingartek.com\/es\/si-tu-centro-de-trabajo-tiene-mas-de-100-trabajadores-por-turno-necesitas-un-plan-de-movilidad-al-trabajo\/","title":{"rendered":"Si tu centro de trabajo tiene m\u00e1s de 100 trabajadores por turno, necesitas un Plan de Movilidad al Trabajo"},"content":{"rendered":"<p><span style=\"font-weight: 400;\">El 10 de noviembre termina el plazo para que las empresas que <\/span><span style=\"font-weight: 400;\">al menos en uno de sus turnos superen las 100 personas trabajadoras dispongan de un Plan de Movilidad al Trabajo.<\/span><\/p>\n<p><b>En 2020<\/b><span style=\"font-weight: 400;\">, el Gobierno Vasco dio un plazo de <\/span><b>dos a\u00f1os<\/b><span style=\"font-weight: 400;\"> para que estas empresas realicen un plan de transporte al trabajo, y el 10 de noviembre termina el periodo establecido.<\/span><\/p>\n<h2><b>\u00bfTu empresa ya cuenta con un Plan de Movilidad al Trabajo?<\/b><\/h2>\n<p><span style=\"font-weight: 400;\">El decreto del Gobierno Vasco fija que <\/span><b>el plan debe contener<\/b> <b>como m\u00ednimo<\/b><span style=\"font-weight: 400;\"> los siguientes apartados:<\/span><\/p>\n<p><span style=\"font-weight: 400;\">a)<\/span><span style=\"font-weight: 400;\"> \u00a0 <\/span><span style=\"font-weight: 400;\">Caracterizaci\u00f3n del centro de actividad<\/span><\/p>\n<p><span style=\"font-weight: 400;\">b)<\/span><span style=\"font-weight: 400;\"> \u00a0 <\/span><span style=\"font-weight: 400;\">Diagn\u00f3stico de la movilidad del centro de trabajo, basado en los siguientes an\u00e1lisis:<\/span><\/p>\n<ol>\n<li><span style=\"font-weight: 400;\"> \u00a0 <\/span><span style=\"font-weight: 400;\">Caracterizaci\u00f3n de la movilidad al centro de trabajo.<\/span><\/li>\n<li><span style=\"font-weight: 400;\"> \u00a0 <\/span><span style=\"font-weight: 400;\">An\u00e1lisis de la demanda de movilidad.<\/span><\/li>\n<li><span style=\"font-weight: 400;\"> \u00a0 \u00a0 <\/span><span style=\"font-weight: 400;\">An\u00e1lisis de la oferta de movilidad.<\/span><\/li>\n<li><span style=\"font-weight: 400;\"> \u00a0 <\/span><span style=\"font-weight: 400;\">An\u00e1lisis de la gesti\u00f3n de aparcamientos.<\/span><\/li>\n<\/ol>\n<p><span style=\"font-weight: 400;\">c)<\/span><span style=\"font-weight: 400;\"> \u00a0 <\/span><span style=\"font-weight: 400;\">Definici\u00f3n de objetivos e indicadores.<\/span><\/p>\n<p><span style=\"font-weight: 400;\">d)<\/span><span style=\"font-weight: 400;\"> \u00a0 <\/span><span style=\"font-weight: 400;\">Plan de Acci\u00f3n<\/span><\/p>\n<p>&nbsp;<\/p>\n<h2><b>\u00bfQu\u00e9 es un Plan de Movilidad al Trabajo?<\/b><\/h2>\n<p><span style=\"font-weight: 400;\">Tener un plan de transporte al trabajo significa tener un conjunto de medidas elaboradas mediante un proceso participativo y llevadas a cabo por la direcci\u00f3n del centro de trabajo. Las medidas que conforman un Plan de Movilidad al Trabajo suelen tener como objetivo incentivar el uso de modos de transporte m\u00e1s eficientes y reducir la necesidad de desplazamientos al centro de trabajo.<\/span><\/p>\n<h2><b>Beneficios de los Planes de Movilidad al Trabajo<\/b><\/h2>\n<p><span style=\"font-weight: 400;\">Si cumplen con su objetivo principal, el mayor beneficio de estos planes de movilidad es que se reducen los impactos negativos derivados de la movilidad a los centros de trabajo, como la reducci\u00f3n de consumo energ\u00e9tico y de gases de efecto invernadero, reducci\u00f3n de costes sanitarios, de accidentes, etc.<\/span><\/p>\n<p><span style=\"font-weight: 400;\">Todav\u00eda tienes dos d\u00edas para empezar el proceso de realizar un Plan de Movilidad al Trabajo. Si necesitas ayuda o quieres resolver tus dudas, ponte en contacto con <a href=\"https:\/\/www.ingartek.com\/es\/contacto\/\">Ingartek<\/a>.<\/span><\/p>\n","protected":false},"excerpt":{"rendered":"<p>El 10 de noviembre termina el plazo para que las empresas que al menos en uno de sus turnos superen las 100 personas trabajadoras dispongan de un Plan de Movilidad al Trabajo. En 2020, el Gobierno Vasco dio un plazo&#8230;<\/p>\n","protected":false},"author":7,"featured_media":0,"comment_status":"closed","ping_status":"closed","sticky":false,"template":"","format":"standard","meta":{"content-type":"","footnotes":""},"categories":[124],"tags":[],"class_list":["post-24764","post","type-post","status-publish","format-standard","hentry","category-noticias"],"_links":{"self":[{"href":"https:\/\/www.ingartek.com\/es\/wp-json\/wp\/v2\/posts\/24764","targetHints":{"allow":["GET"]}}],"collection":[{"href":"https:\/\/www.ingartek.com\/es\/wp-json\/wp\/v2\/posts"}],"about":[{"href":"https:\/\/www.ingartek.com\/es\/wp-json\/wp\/v2\/types\/post"}],"author":[{"embeddable":true,"href":"https:\/\/www.ingartek.com\/es\/wp-json\/wp\/v2\/users\/7"}],"replies":[{"embeddable":true,"href":"https:\/\/www.ingartek.com\/es\/wp-json\/wp\/v2\/comments?post=24764"}],"version-history":[{"count":0,"href":"https:\/\/www.ingartek.com\/es\/wp-json\/wp\/v2\/posts\/24764\/revisions"}],"wp:attachment":[{"href":"https:\/\/www.ingartek.com\/es\/wp-json\/wp\/v2\/media?parent=24764"}],"wp:term":[{"taxonomy":"category","embeddable":true,"href":"https:\/\/www.ingartek.com\/es\/wp-json\/wp\/v2\/categories?post=24764"},{"taxonomy":"post_tag","embeddable":true,"href":"https:\/\/www.ingartek.com\/es\/wp-json\/wp\/v2\/tags?post=24764"}],"curies":[{"name":"wp","href":"https:\/\/api.w.org\/{rel}","templated":true}]}}