{"id":24725,"date":"2022-11-04T12:01:37","date_gmt":"2022-11-04T11:01:37","guid":{"rendered":"https:\/\/www.ingartek.com\/?p=24725"},"modified":"2025-03-26T16:06:01","modified_gmt":"2025-03-26T15:06:01","slug":"zbe-que-hacer-el-dia-despues-de-implantar-una-zbe","status":"publish","type":"post","link":"https:\/\/www.ingartek.com\/es\/zbe-que-hacer-el-dia-despues-de-implantar-una-zbe\/","title":{"rendered":"ZBE: \u00bfQu\u00e9 hacer el d\u00eda despu\u00e9s de implantar una ZBE?"},"content":{"rendered":"<p>Seg\u00fan la Ley del Cambio Clim\u00e1tico, se entiende por <a href=\"https:\/\/www.ingartek.com\/es\/zonas-de-bajas-emisiones\/\"><b>zona de baja emisi\u00f3n<\/b><\/a> el \u00e1mbito delimitado por una Administraci\u00f3n p\u00fablica, en ejercicio de sus competencias, dentro de su territorio, de car\u00e1cter continuo, y en el que se aplican <b>restricciones de acceso, circulaci\u00f3n y estacionamiento de veh\u00edculos <\/b>para mejorar la calidad del aire y mitigar las emisiones de gases de efecto invernadero, conforme a la clasificaci\u00f3n de los veh\u00edculos por su nivel de emisiones de acuerdo con lo establecido en el Reglamento General de Veh\u00edculos vigente.<\/p>\n<h2>\u00bfPara qu\u00e9 se implantan las ZBE?<\/h2>\n<ol>\n<li style=\"list-style-type: none;\">\n<ol>\n<li>Para mejorar la calidad del aire.<\/li>\n<li>Para disminuir el uso del VP en el corto recorrido<\/li>\n<li>Para recuperar el espacio p\u00fablico con una distribuci\u00f3n m\u00e1s acorde al reparto modal.<\/li>\n<\/ol>\n<\/li>\n<\/ol>\n<p>&nbsp;<\/p>\n<h2>\u00bfEn qu\u00e9 tipo de municipios se pueden implantar las zonas de bajas emisiones?<\/h2>\n<ul>\n<li>En municipios de m\u00e1s de 50.000 habitantes: es obligatorio.<\/li>\n<li>En municipios de m\u00e1s de 20.000 habitantes: es obligatorio si se superan determinados valores de contaminaci\u00f3n, y es recomendable por lo general.<\/li>\n<\/ul>\n<p>&nbsp;<\/p>\n<h2>\u00bfQu\u00e9 sucede el d\u00eda despu\u00e9s de implantar una ZBE?<\/h2>\n<p>Tras implantar una zona de bajas emisiones, pueden surgir problemas de movilidad, congestiones puntuales en la ciudad por veh\u00edculos expulsados de la ZBE, problemas en la DUM, en el aparcamiento\u2026<\/p>\n<p>Tambi\u00e9n es necesario medir el impacto econ\u00f3mico que tendr\u00e1 la implantaci\u00f3n de una zona de bajas emisiones, sobre todo en la econom\u00eda local, y tambi\u00e9n el impacto social y de g\u00e9nero en los residentes de la ZBE.<\/p>\n<p>Para evitar estos problemas y medir todos los par\u00e1metros necesarios, se utilizan herramientas como <a href=\"https:\/\/www.ingartek.com\/es\/estudios-de-movilidad-y-trafico\/\"><strong>estudios de tr\u00e1fico<\/strong><\/a> con herramientas de modelizaci\u00f3n del tr\u00e1fico con t\u00e9cnicas de micro-simulaci\u00f3n. Tambi\u00e9n es importante realizar an\u00e1lisis de coste-beneficio y estudios socioecon\u00f3micos con herramientas SIG. Por otro lado, es necesario comunicar de manera eficiente los cambios que supone la implantaci\u00f3n de una zona de bajas emisiones para la ciudadan\u00eda.<\/p>\n<p>Expertos de <strong>Ingartek<\/strong> y <strong>Movytrans<\/strong> impartieron un webinar con todos los detalles sobre c\u00f3mo gestionar la implantaci\u00f3n de una ZBE y qu\u00e9 hay que tener en cuenta tras implantarla. Puedes ver el webinar al completo aqu\u00ed:<\/p>\n<div style=\"padding: 56.25% 0 0 0; position: relative;\"><iframe style=\"position: absolute; top: 0; left: 0; width: 100%; height: 100%;\" src=\"https:\/\/player.vimeo.com\/video\/774651554?h=44cba3e046&amp;title=0&amp;byline=0&amp;portrait=0\" frameborder=\"0\" allowfullscreen=\"allowfullscreen\"><\/iframe><\/div>\n<p><script src=\"https:\/\/player.vimeo.com\/api\/player.js\"><\/script><\/p>\n<p>Si quieres m\u00e1s informaci\u00f3n, contacta con <strong>Sergio Barre\u00f1<\/strong>a, socio de <a href=\"https:\/\/www.ingartek.com\/es\/\">Ingartek<\/a> en <a href=\"mailto:barrena@ingartek.com\">barrena@ingartek.com<\/a> o con <strong>Enrique De Diego \u00c1lvarez<\/strong>, Director de <a href=\"https:\/\/movytrans.es\/\" rel=\"nofollow noopener\" target=\"_blank\">Movytrans<\/a> en enriqued@movytrans.es.<\/p>\n","protected":false},"excerpt":{"rendered":"<p>Seg\u00fan la Ley del Cambio Clim\u00e1tico, se entiende por zona de baja emisi\u00f3n el \u00e1mbito delimitado por una Administraci\u00f3n p\u00fablica, en ejercicio de sus competencias, dentro de su territorio, de car\u00e1cter continuo, y en el que se aplican restricciones de&#8230;<\/p>\n","protected":false},"author":7,"featured_media":0,"comment_status":"closed","ping_status":"closed","sticky":false,"template":"","format":"standard","meta":{"content-type":"","footnotes":""},"categories":[124,1979],"tags":[],"class_list":["post-24725","post","type-post","status-publish","format-standard","hentry","category-noticias","category-webinar"],"_links":{"self":[{"href":"https:\/\/www.ingartek.com\/es\/wp-json\/wp\/v2\/posts\/24725","targetHints":{"allow":["GET"]}}],"collection":[{"href":"https:\/\/www.ingartek.com\/es\/wp-json\/wp\/v2\/posts"}],"about":[{"href":"https:\/\/www.ingartek.com\/es\/wp-json\/wp\/v2\/types\/post"}],"author":[{"embeddable":true,"href":"https:\/\/www.ingartek.com\/es\/wp-json\/wp\/v2\/users\/7"}],"replies":[{"embeddable":true,"href":"https:\/\/www.ingartek.com\/es\/wp-json\/wp\/v2\/comments?post=24725"}],"version-history":[{"count":0,"href":"https:\/\/www.ingartek.com\/es\/wp-json\/wp\/v2\/posts\/24725\/revisions"}],"wp:attachment":[{"href":"https:\/\/www.ingartek.com\/es\/wp-json\/wp\/v2\/media?parent=24725"}],"wp:term":[{"taxonomy":"category","embeddable":true,"href":"https:\/\/www.ingartek.com\/es\/wp-json\/wp\/v2\/categories?post=24725"},{"taxonomy":"post_tag","embeddable":true,"href":"https:\/\/www.ingartek.com\/es\/wp-json\/wp\/v2\/tags?post=24725"}],"curies":[{"name":"wp","href":"https:\/\/api.w.org\/{rel}","templated":true}]}}