{"id":24626,"date":"2022-10-20T10:35:01","date_gmt":"2022-10-20T09:35:01","guid":{"rendered":"https:\/\/www.ingartek.com\/?p=24626"},"modified":"2025-03-26T16:06:01","modified_gmt":"2025-03-26T15:06:01","slug":"webinar-sobre-que-hacer-despues-de-implantar-una-zona-de-bajas-emisiones","status":"publish","type":"post","link":"https:\/\/www.ingartek.com\/es\/webinar-sobre-que-hacer-despues-de-implantar-una-zona-de-bajas-emisiones\/","title":{"rendered":"Webinar sobre qu\u00e9 hacer despu\u00e9s de implantar una Zona de Bajas Emisiones"},"content":{"rendered":"<p><span style=\"font-weight: 400;\">Desde <a href=\"https:\/\/www.ingartek.com\/es\/\"><strong>Ingartek<\/strong> <\/a>y <a href=\"https:\/\/movytrans.es\/\" rel=\"nofollow noopener\" target=\"_blank\">Movytrans<\/a> queremos ayudar a los ayuntamientos a saber qu\u00e9 deben tener en cuenta para implantar la<a href=\"https:\/\/www.ingartek.com\/es\/zonas-de-bajas-emisiones\/\"><strong> zonas de bajas emisiones<\/strong><\/a> en sus ciudades. Pero, adem\u00e1s, \u00bfqu\u00e9 sucede despu\u00e9s de implantarla?<\/span><\/p>\n<p><span style=\"font-weight: 400;\">Te invitamos al <strong>webinar<\/strong> que realizaremos el <strong>3 de noviembre, a las 12:00<\/strong> para descubrir todas las respuestas.<\/span><\/p>\n<p><span style=\"font-weight: 400;\"><img loading=\"lazy\" decoding=\"async\" class=\"wp-image-24627 size-full aligncenter\" src=\"https:\/\/www.ingartek.com\/wp-content\/uploads\/2022\/10\/webinar-sobre-zona-de-bajas-emisiones.jpg\" alt=\"webinar sobre zona de bajas emisiones\" width=\"680\" height=\"335\" title=\"\" srcset=\"https:\/\/www.ingartek.com\/wp-content\/uploads\/2022\/10\/webinar-sobre-zona-de-bajas-emisiones.jpg 680w, https:\/\/www.ingartek.com\/wp-content\/uploads\/2022\/10\/webinar-sobre-zona-de-bajas-emisiones-300x148.jpg 300w\" sizes=\"auto, (max-width: 680px) 100vw, 680px\" \/><\/span><\/p>\n<p><span style=\"font-weight: 400;\">En este webinar, expertos de Ingartek y Movytrans explicar\u00e1n<\/span><b> c\u00f3mo afrontar las posibles dificultades que pueden surgir despu\u00e9s de implantar una zona de bajas emisiones<\/b><span style=\"font-weight: 400;\">, como por ejemplo, la gesti\u00f3n del tr\u00e1fico en las zonas aleda\u00f1as, los problemas de log\u00edstica y aparcamiento que pueden surgir\u2026 Tambi\u00e9n reflexionaremos sobre c\u00f3mo aprovechar las \u00e1reas ya peatonalizadas para convertirlas en una ZBE.<\/span><\/p>\n<p><span style=\"font-weight: 400;\">Se dar\u00e1n recomendaciones sobre <\/span><b>c\u00f3mo preparar a la ciudadan\u00eda<\/b><span style=\"font-weight: 400;\"> para el cambio hacia una zona de bajas emisiones. En definitiva, <\/span><span style=\"font-weight: 400;\">aportar\u00e1n conocimientos sobre <\/span><b>qu\u00e9 pasos hay que dar despu\u00e9s de implantar la ZBE<\/b><span style=\"font-weight: 400;\"> para que la transici\u00f3n hacia este nuevo modelo de movilidad sostenible sea lo m\u00e1s sencilla posible para la administraci\u00f3n y para la ciudadan\u00eda.<\/span><\/p>\n<p><span style=\"font-weight: 400;\">El webinar contar\u00e1 con la participaci\u00f3n de <\/span><b>Sergio Barre\u00f1a<\/b><span style=\"font-weight: 400;\">, <\/span><span style=\"font-weight: 400;\">Responsable del \u00e1rea de Sociolog\u00eda y Estad\u00edstica en Ingartek y <\/span><b>Enrique de Diego \u00c1lvarez<\/b><span style=\"font-weight: 400;\">, Director de Movytrans.<\/span><\/p>\n<h2><b>Movilidad urbana sostenible a trav\u00e9s de las zonas de bajas emisiones<\/b><\/h2>\n<p><span style=\"font-weight: 400;\">La necesidad de apostar por la movilidad sostenible es cada vez m\u00e1s palpable, ya que la movilidad es un eje fundamental de los procesos de descarbonizaci\u00f3n en un contexto de progresivo crecimiento de las urbes.\u00a0<\/span><\/p>\n<p><span style=\"font-weight: 400;\">En Ingartek elaboramos planes de movilidad, que son fundamentales para ayudar a definir las zonas de bajas emisiones. Y tambi\u00e9n queremos ayudar a las administraciones p\u00fablicas a <\/span><b>gestionar las zonas de bajas emisiones una vez implantadas. <\/b><span style=\"font-weight: 400;\">Es por eso que hemos organizado este nuevo webinar. \u00a1Te esperamos el 3 de noviembre!<\/span><\/p>\n<p style=\"text-align: center;\"><strong>Haz click en el bot\u00f3n de abajo para apuntarte:<\/strong><\/p>\n<p style=\"text-align: center;\"><a  itemprop=\"url\" href=\"#\" target=\"_self\"  class=\"qbutton  default\" style=\"\">INSCRIBIRME<i class=\"qode_icon_font_awesome fa fa-align-center qode_button_icon_element\" style=\"color: #a80000\"><\/i><\/a><\/p>\n","protected":false},"excerpt":{"rendered":"<p>Desde Ingartek y Movytrans queremos ayudar a los ayuntamientos a saber qu\u00e9 deben tener en cuenta para implantar la zonas de bajas emisiones en sus ciudades. Pero, adem\u00e1s, \u00bfqu\u00e9 sucede despu\u00e9s de implantarla? Te invitamos al webinar que realizaremos el&#8230;<\/p>\n","protected":false},"author":7,"featured_media":0,"comment_status":"closed","ping_status":"closed","sticky":false,"template":"","format":"standard","meta":{"content-type":"","footnotes":""},"categories":[124,1979],"tags":[],"class_list":["post-24626","post","type-post","status-publish","format-standard","hentry","category-noticias","category-webinar"],"_links":{"self":[{"href":"https:\/\/www.ingartek.com\/es\/wp-json\/wp\/v2\/posts\/24626","targetHints":{"allow":["GET"]}}],"collection":[{"href":"https:\/\/www.ingartek.com\/es\/wp-json\/wp\/v2\/posts"}],"about":[{"href":"https:\/\/www.ingartek.com\/es\/wp-json\/wp\/v2\/types\/post"}],"author":[{"embeddable":true,"href":"https:\/\/www.ingartek.com\/es\/wp-json\/wp\/v2\/users\/7"}],"replies":[{"embeddable":true,"href":"https:\/\/www.ingartek.com\/es\/wp-json\/wp\/v2\/comments?post=24626"}],"version-history":[{"count":0,"href":"https:\/\/www.ingartek.com\/es\/wp-json\/wp\/v2\/posts\/24626\/revisions"}],"wp:attachment":[{"href":"https:\/\/www.ingartek.com\/es\/wp-json\/wp\/v2\/media?parent=24626"}],"wp:term":[{"taxonomy":"category","embeddable":true,"href":"https:\/\/www.ingartek.com\/es\/wp-json\/wp\/v2\/categories?post=24626"},{"taxonomy":"post_tag","embeddable":true,"href":"https:\/\/www.ingartek.com\/es\/wp-json\/wp\/v2\/tags?post=24626"}],"curies":[{"name":"wp","href":"https:\/\/api.w.org\/{rel}","templated":true}]}}