{"id":24214,"date":"2022-07-21T10:35:33","date_gmt":"2022-07-21T09:35:33","guid":{"rendered":"https:\/\/www.ingartek.com\/?p=24214"},"modified":"2025-03-26T16:06:03","modified_gmt":"2025-03-26T15:06:03","slug":"isidro-arrieta-imparte-en-el-taller-sobre-planificadores-de-viaje-multimodal-de-its","status":"publish","type":"post","link":"https:\/\/www.ingartek.com\/es\/isidro-arrieta-imparte-en-el-taller-sobre-planificadores-de-viaje-multimodal-de-its\/","title":{"rendered":"Isidro Arrieta imparte en el taller sobre planificadores de viaje multimodal de ITS"},"content":{"rendered":"<p>Organizado por ITS Espa\u00f1a, El Foro de Nuevas Tecnolog\u00edas en el Transporte y asociaci\u00f3n sin \u00e1nimo de lucro, se celebr\u00f3 hace unos d\u00edas en Madrid el taller sobre <b>planificadores de viaje multimodal<\/b>, en el cual particip\u00f3 <b>Isidro Arrieta<\/b>, Ingeniero en electr\u00f3nica y socio fundador de Ingartek.<\/p>\n<p>M\u00e1s concretamente, <a href=\"https:\/\/www.ingartek.com\/es\/quienes-somos\/\" target=\"_blank\" rel=\"noopener\">Arrieta<\/a> comparti\u00f3 sus conocimientos sobre las <b>NAP, o puntos de acceso nacional de transporte multimodal<\/b>. El Punto de Acceso Nacional de Transporte Multimodal es un ambicioso proyecto de \u00e1mbito europeo donde los pa\u00edses miembros de la Uni\u00f3n Europea deben concentrar toda la informaci\u00f3n de la oferta de transporte de viajeros del pa\u00eds en un \u00fanico punto nacional. El objetivo es proporcionar los cimientos para impulsar el desarrollo de los servicios de movilidad del futuro.<\/p>\n<p>Arrieta comparti\u00f3 espacio con otros tantos <b>expertos en movilidad<\/b>, ya que en el taller, dedicado a los planificadores de viaje multimodal, tambi\u00e9n se abordaron temas como la participaci\u00f3n del transporte p\u00fablico en <a href=\"https:\/\/www.ingartek.com\/es\/webinar-sobre-maas-la-movilidad-conectada\/\" target=\"_blank\" rel=\"noopener\">Maas <\/a>(la movilidad conectada) o los planificadores multimodales.<\/p>\n<p><b>Estrecha relaci\u00f3n con ITS<\/b><\/p>\n<p>Ingartek lleva tiempo colaborando con ITS Espa\u00f1a, tanto en talleres y cursos que organiza la asociaci\u00f3n, as\u00ed como en el proyecto <a href=\"https:\/\/www.ingartek.com\/es\/id\/c-roads-spain\/\" target=\"_blank\" rel=\"noopener\">C-Roads Spain<\/a>. El proyecto<b> C-Roads Spain<\/b> (Cooperative Roads) en el que participa <b>Ingartek <\/b>est\u00e1 compuesto por 5 pilotos, cada uno de ellos con su particular conjunto de tecnolog\u00edas y servicios C-ITS y con la participaci\u00f3n de diferentes socios. Esta heterogeneidad tiene como objetivo cubrir un amplio espectro de casos, con el fin de evaluar el impacto de la <b>movilidad <\/b>conectada en muchos escenarios representativos.<\/p>\n","protected":false},"excerpt":{"rendered":"<p>Organizado por ITS Espa\u00f1a, El Foro de Nuevas Tecnolog\u00edas en el Transporte y asociaci\u00f3n sin \u00e1nimo de lucro, se celebr\u00f3 hace unos d\u00edas en Madrid el taller sobre planificadores de viaje multimodal, en el cual particip\u00f3 Isidro Arrieta, Ingeniero en&#8230;<\/p>\n","protected":false},"author":7,"featured_media":0,"comment_status":"closed","ping_status":"closed","sticky":false,"template":"","format":"standard","meta":{"content-type":"","footnotes":""},"categories":[124,1979],"tags":[1005,1414,272,406,1004,676,1412,1411,1410,1409,1413],"class_list":["post-24214","post","type-post","status-publish","format-standard","hentry","category-noticias","category-webinar","tag-c-roads-spain","tag-experto-en-movilidad","tag-isidro-arrieta","tag-its","tag-its-espana","tag-maas","tag-nap","tag-planificadores-de-viaje-multimodal","tag-ponencia","tag-taller","tag-transporte-multimodal"],"_links":{"self":[{"href":"https:\/\/www.ingartek.com\/es\/wp-json\/wp\/v2\/posts\/24214","targetHints":{"allow":["GET"]}}],"collection":[{"href":"https:\/\/www.ingartek.com\/es\/wp-json\/wp\/v2\/posts"}],"about":[{"href":"https:\/\/www.ingartek.com\/es\/wp-json\/wp\/v2\/types\/post"}],"author":[{"embeddable":true,"href":"https:\/\/www.ingartek.com\/es\/wp-json\/wp\/v2\/users\/7"}],"replies":[{"embeddable":true,"href":"https:\/\/www.ingartek.com\/es\/wp-json\/wp\/v2\/comments?post=24214"}],"version-history":[{"count":0,"href":"https:\/\/www.ingartek.com\/es\/wp-json\/wp\/v2\/posts\/24214\/revisions"}],"wp:attachment":[{"href":"https:\/\/www.ingartek.com\/es\/wp-json\/wp\/v2\/media?parent=24214"}],"wp:term":[{"taxonomy":"category","embeddable":true,"href":"https:\/\/www.ingartek.com\/es\/wp-json\/wp\/v2\/categories?post=24214"},{"taxonomy":"post_tag","embeddable":true,"href":"https:\/\/www.ingartek.com\/es\/wp-json\/wp\/v2\/tags?post=24214"}],"curies":[{"name":"wp","href":"https:\/\/api.w.org\/{rel}","templated":true}]}}