{"id":24003,"date":"2022-06-23T09:29:14","date_gmt":"2022-06-23T08:29:14","guid":{"rendered":"https:\/\/www.ingartek.com\/?p=24003"},"modified":"2025-03-26T16:06:03","modified_gmt":"2025-03-26T15:06:03","slug":"susana-alarcon-participa-en-el-evento-final-de-bilbao-zero2","status":"publish","type":"post","link":"https:\/\/www.ingartek.com\/es\/susana-alarcon-participa-en-el-evento-final-de-bilbao-zero2\/","title":{"rendered":"Susana Alarc\u00f3n participa en el evento final de Bilbao Zero2"},"content":{"rendered":"<p>El Edificio Ensanche ha acogido el evento final de la primera iteraci\u00f3n del proyecto Bilbao Zero<sup>2<\/sup>, que tiene como objetivo el fomento de las colaboraciones estrat\u00e9gicas con empresas, universidades y tecn\u00f3logos\/as de alta especializaci\u00f3n que ayuden y acompa\u00f1en al Ayuntamiento de Bilbao a seguir construyendo ciudad ante sus nuevos retos.<\/p>\n<p><img loading=\"lazy\" decoding=\"async\" class=\"size-medium wp-image-24011 alignright\" src=\"https:\/\/www.ingartek.com\/wp-content\/uploads\/2022\/06\/BZ2_TT5_MESA3_3-300x225.png\" alt=\"\" width=\"300\" height=\"225\" title=\"\" srcset=\"https:\/\/www.ingartek.com\/wp-content\/uploads\/2022\/06\/BZ2_TT5_MESA3_3-300x225.png 300w, https:\/\/www.ingartek.com\/wp-content\/uploads\/2022\/06\/BZ2_TT5_MESA3_3-1024x768.png 1024w, https:\/\/www.ingartek.com\/wp-content\/uploads\/2022\/06\/BZ2_TT5_MESA3_3-768x576.png 768w, https:\/\/www.ingartek.com\/wp-content\/uploads\/2022\/06\/BZ2_TT5_MESA3_3-1536x1152.png 1536w, https:\/\/www.ingartek.com\/wp-content\/uploads\/2022\/06\/BZ2_TT5_MESA3_3-800x600.png 800w, https:\/\/www.ingartek.com\/wp-content\/uploads\/2022\/06\/BZ2_TT5_MESA3_3-700x525.png 700w, https:\/\/www.ingartek.com\/wp-content\/uploads\/2022\/06\/BZ2_TT5_MESA3_3.png 2000w\" sizes=\"auto, (max-width: 300px) 100vw, 300px\" \/>Durante la celebraci\u00f3n de este evento final, donde ha participado <a href=\"https:\/\/www.ingartek.com\/es\/quienes-somos\/\" target=\"_blank\" rel=\"noopener\">Susana Alarcon<\/a>, matem\u00e1tica y socia fundadora de Ingartek, en representaci\u00f3n del <strong>Cl\u00faster de Movilidad<\/strong>, se han presentado diferentes retos que debe abordar la ciudad, a los que se han aportado <strong>soluciones tecnol\u00f3gicas innovadoras<\/strong> que derivar\u00e1n en la puesta en marcha de proyectos piloto.<\/p>\n<h4>Primera interacci\u00f3n del proyecto<\/h4>\n<p>Tras el cuarto Think Tank llevado a cabo el pasado mes de mayo donde se presentaron los avances realizados hasta la fecha, el objetivo del evento ha sido compartir y conocer los resultados y la experiencia de las <strong>empresas y agentes<\/strong> que han participado en la primera iteraci\u00f3n del proyecto BILBAO ZERO<sup>2<\/sup>.<\/p>\n<p>As\u00ed, representantes de las \u00e1reas municipales del consistorio involucradas en el proyecto, representantes de <strong>los cuatro cl\u00fasteres<\/strong> que forman parte del proyecto y algunas de las <strong>empresas participantes<\/strong> han expuesto los resultados obtenidos en cada uno de los proyectos, adem\u00e1s de compartir la valoraci\u00f3n del proceso de trabajo llevado a cabo a trav\u00e9s de mesas redondas.<\/p>\n<p>Entre ellos, tecn\u00f3logos, tecn\u00f3logas, as\u00ed como profesionales de la investigaci\u00f3n convocados\/as por <strong>INNOLAB<\/strong> Bilbao y representantes de los cuatro cl\u00fasteres que forman parte del proyecto: <strong>ERAIKUNE<\/strong> &#8211; Cl\u00faster de la Construcci\u00f3n del Pa\u00eds Vasco,<strong> Cl\u00faster de Energ\u00eda del Pa\u00eds Vasco, ACLIMA<\/strong> &#8211; Cl\u00faster de Medio Ambiente del Pa\u00eds Vasco y <strong>MLC ITS <\/strong>&#8211; Cl\u00faster de Movilidad y Log\u00edstica del Pa\u00eds Vasco.<\/p>\n<h4>Tres mesas redondas<\/h4>\n<p>Las mesas redondas se han estructurado de la siguiente manera:<\/p>\n<ul>\n<li><strong><img loading=\"lazy\" decoding=\"async\" class=\"size-medium wp-image-24005 alignleft\" src=\"https:\/\/www.ingartek.com\/wp-content\/uploads\/2022\/06\/BZ2_TT5_MESA3_4-300x225.png\" alt=\"\" width=\"300\" height=\"225\" title=\"\" srcset=\"https:\/\/www.ingartek.com\/wp-content\/uploads\/2022\/06\/BZ2_TT5_MESA3_4-300x225.png 300w, https:\/\/www.ingartek.com\/wp-content\/uploads\/2022\/06\/BZ2_TT5_MESA3_4-1024x768.png 1024w, https:\/\/www.ingartek.com\/wp-content\/uploads\/2022\/06\/BZ2_TT5_MESA3_4-768x576.png 768w, https:\/\/www.ingartek.com\/wp-content\/uploads\/2022\/06\/BZ2_TT5_MESA3_4-1536x1152.png 1536w, https:\/\/www.ingartek.com\/wp-content\/uploads\/2022\/06\/BZ2_TT5_MESA3_4-800x600.png 800w, https:\/\/www.ingartek.com\/wp-content\/uploads\/2022\/06\/BZ2_TT5_MESA3_4-700x525.png 700w, https:\/\/www.ingartek.com\/wp-content\/uploads\/2022\/06\/BZ2_TT5_MESA3_4.png 2000w\" sizes=\"auto, (max-width: 300px) 100vw, 300px\" \/>Mesa redonda 1<\/strong>: Se han abordado retos de ciudad vinculados a la generaci\u00f3n de energ\u00eda urbana renovable, el consumo energ\u00e9tico eficiente, la rehabilitaci\u00f3n de edificios, la gesti\u00f3n y mantenimiento de infraestructuras y la gesti\u00f3n del dato.<\/li>\n<li><strong>Mesa redonda 2<\/strong>: Se ha trabajado en proyectos relacionados con la gesti\u00f3n de residuos, la renaturalizaci\u00f3n y regeneraci\u00f3n urbana, la planificaci\u00f3n y gesti\u00f3n de proyectos estrat\u00e9gicos y la medici\u00f3n de la huella real.<\/li>\n<li><strong>Mesa redonda 3<\/strong>: Se ha puesto en com\u00fan la metodolog\u00eda aplicada en los proyectos y grupos de trabajo multidisciplinares de Bilbao Zero2. Es justamente en esta mesa redonda donde ha participado <strong>Alarc\u00f3n<\/strong>.<\/li>\n<\/ul>\n<p>Adicionalmente se ha llevado a cabo una <strong>sesi\u00f3n de networking activo<\/strong> donde se ha posibilitado el intercambio de informaci\u00f3n y contactos, as\u00ed como la posibilidad de conocer de primera mano las experiencias de personas, empresas y agentes implicados en el proyecto.<\/p>\n<h4>El Bilbao del futuro<\/h4>\n<p>BILBAO ZERO2 nace como consecuencia del aceleramiento que se va a producir en la progresiva vuelta a la normalidad de los procesos econ\u00f3micos, con una intensificaci\u00f3n de la<strong> Automatizaci\u00f3n, Inteligencia Artificial y Digitalizaci\u00f3n<\/strong>, entre otros.<\/p>\n<p>El proyecto tiene una vigencia de 3 a\u00f1os, periodo en el que con car\u00e1cter anual se llevar\u00e1n a cabo sesiones de trabajo para identificar las oportunidades que la tecnolog\u00eda y los servicios avanzados pueden ofrecer como palanca de soluci\u00f3n a los retos planteados. En este sentido, las problem\u00e1ticas que se analizan son necesidades reales de Bilbao, definidas desde las propias \u00c1reas municipales del Ayuntamiento.<\/p>\n<p>Tambi\u00e9n se identifica Zorrotzaurre como un posible lugar de ejecuci\u00f3n de los proyectos definidos en Bilbao Zero 2, alineado con el despliegue de la primera fase del parque tecnol\u00f3gico urbano, nuevos espacios de oportunidad para la implantaci\u00f3n de empresas y generaci\u00f3n de empleo.<\/p>\n<h4>Bilbao en movimiento<\/h4>\n<p>Desde <a href=\"https:\/\/www.ingartek.com\/\" target=\"_blank\" rel=\"noopener\">Ingartek<\/a> queremos dar las gracias por darnos la oportunidad de mostrar nuestros conocimientos en <strong>movilidad<\/strong> dentro el proyecto Bilbao Zero2. Bilbao es nuestra casa, y siempre es un placer poder colaborar en proyectos tan interesantes como este.<\/p>\n<p>La <a href=\"https:\/\/www.ingartek.com\/es\/servicios\/\" target=\"_blank\" rel=\"noopener\">movilidad sostenible<\/a> tiene cada vez m\u00e1s presencia en proyectos colaborativos y de desarrollo urban\u00edstico en nuestros <strong>municipios y ciudades<\/strong>, y nos alegra ver c\u00f3mo en los \u00faltimos a\u00f1os Bilbao trabaja para mejorar en este aspecto.<\/p>\n","protected":false},"excerpt":{"rendered":"<p>El Edificio Ensanche ha acogido el evento final de la primera iteraci\u00f3n del proyecto Bilbao Zero2, que tiene como objetivo el fomento de las colaboraciones estrat\u00e9gicas con empresas, universidades y tecn\u00f3logos\/as de alta especializaci\u00f3n que ayuden y acompa\u00f1en al Ayuntamiento&#8230;<\/p>\n","protected":false},"author":7,"featured_media":0,"comment_status":"closed","ping_status":"closed","sticky":false,"template":"","format":"standard","meta":{"content-type":"","footnotes":""},"categories":[124],"tags":[1404,387,1403,1408,1406,263,264,1407,1405,700],"class_list":["post-24003","post","type-post","status-publish","format-standard","hentry","category-noticias","tag-ayuntamiento-de-bilbao","tag-bilbao","tag-bilbao-zero-2","tag-ciudades","tag-digitalizacion","tag-movilidad","tag-movilidad-sostenible","tag-municipios","tag-networking","tag-susana-alarcon"],"_links":{"self":[{"href":"https:\/\/www.ingartek.com\/es\/wp-json\/wp\/v2\/posts\/24003","targetHints":{"allow":["GET"]}}],"collection":[{"href":"https:\/\/www.ingartek.com\/es\/wp-json\/wp\/v2\/posts"}],"about":[{"href":"https:\/\/www.ingartek.com\/es\/wp-json\/wp\/v2\/types\/post"}],"author":[{"embeddable":true,"href":"https:\/\/www.ingartek.com\/es\/wp-json\/wp\/v2\/users\/7"}],"replies":[{"embeddable":true,"href":"https:\/\/www.ingartek.com\/es\/wp-json\/wp\/v2\/comments?post=24003"}],"version-history":[{"count":0,"href":"https:\/\/www.ingartek.com\/es\/wp-json\/wp\/v2\/posts\/24003\/revisions"}],"wp:attachment":[{"href":"https:\/\/www.ingartek.com\/es\/wp-json\/wp\/v2\/media?parent=24003"}],"wp:term":[{"taxonomy":"category","embeddable":true,"href":"https:\/\/www.ingartek.com\/es\/wp-json\/wp\/v2\/categories?post=24003"},{"taxonomy":"post_tag","embeddable":true,"href":"https:\/\/www.ingartek.com\/es\/wp-json\/wp\/v2\/tags?post=24003"}],"curies":[{"name":"wp","href":"https:\/\/api.w.org\/{rel}","templated":true}]}}