{"id":23658,"date":"2022-04-20T14:32:18","date_gmt":"2022-04-20T13:32:18","guid":{"rendered":"https:\/\/www.ingartek.com\/?p=23658"},"modified":"2025-03-26T16:06:03","modified_gmt":"2025-03-26T15:06:03","slug":"miembros-de-ingartek-impartiran-en-la-catedra-vectalia-movilidad","status":"publish","type":"post","link":"https:\/\/www.ingartek.com\/es\/miembros-de-ingartek-impartiran-en-la-catedra-vectalia-movilidad\/","title":{"rendered":"Miembros de Ingartek impartir\u00e1n en la C\u00e1tedra Vectalia Movilidad"},"content":{"rendered":"<p>Ingartek ser\u00e1 una de las empresas encargadas de colaborar e impartir sus conocimientos en la C\u00e1tedra Vectalia Movilidad. La c\u00e1tedra tiene como objetivo dar respuesta al creciente inter\u00e9s de empresas, profesionales e investigadores del sector de la movilidad y el transporte.<\/p>\n<p>Vectalia ofrece esta <a href=\"https:\/\/vectalia.es\/catedras-vectalia\/\" target=\"_blank\" rel=\"noopener nofollow\">c\u00e1tedra<\/a> desde 2015, y tiene como finalidad divulgar conocimientos para mejorar la calidad de vida de las ciudades. Este prop\u00f3sito se alinea completamente con los objetivos de Ingartek de ofrecer<a href=\"https:\/\/www.ingartek.com\/es\/quienes-somos\/\" target=\"_blank\" rel=\"noopener\"> inteligencia en movimiento<\/a>, unido al deseo de esta empresa de seguir creando un mundo que <b>facilita la movilidad de la ciudadan\u00eda<\/b> en sus desplazamientos.<\/p>\n<h4>Una mayor preocupaci\u00f3n en cuestiones de movilidad<\/h4>\n<p>La movilidad y todo lo relacionado con ella est\u00e1 creando cada vez m\u00e1s preocupaci\u00f3n en la sociedad. Por ello, esta c\u00e1tedra pretende crear y consolidar un punto de encuentro y un lugar de reflexi\u00f3n, debate e investigaci\u00f3n sobre todo lo relacionado con sistemas de <b>movilidad sostenible<\/b>.<\/p>\n<p>La C\u00e1tedra Vectalia Movilidad est\u00e1 adscrita a la Universidad de Alicante y dirigida por el profesor Javier Garc\u00eda Barba, subdirector de Ingenier\u00eda de Caminos Canales y Puertos. Adem\u00e1s, cuenta con el respaldo y la colaboraci\u00f3n de la direcci\u00f3n de la Escuela Polit\u00e9cnica Superior de la Universidad de Alicante.<\/p>\n<p>Los participantes en la misma, tendr\u00e1n la oportunidad de aprender sobre cuestiones de movilidad a trav\u00e9s de diferentes actividades, entre ellas, cursos y seminarios, realizaci\u00f3n de <a href=\"https:\/\/www.ingartek.com\/es\/planes-estrategicos-de-movilidad-y-transporte\/\" target=\"_blank\" rel=\"noopener\">Planes y Estudios de Movilidad<\/a>, trabajos de investigaci\u00f3n, desarrollo de tesis doctorales o trabajos fin de m\u00e1ster\u2026 En definitiva, todo lo relacionado con la <strong>mejora integral de la movilidad<\/strong>.<\/p>\n<p>Desde Ingartek compartimos el compromiso de impulsar una <strong>movilidad urbana sostenible,<\/strong> por lo que nos agrada poder tener la oportunidad de poder compartir nuestros conocimientos y nuestros <a href=\"https:\/\/www.ingartek.com\/es\/proyectos-de-movilidad-y-transporte\/\" target=\"_blank\" rel=\"noopener\">proyectos<\/a> con el alumnado de la c\u00e1tedra.<\/p>\n<h4>Con toda la experiencia de Ingartek<\/h4>\n<p>Todo el <strong>equipo multidisciplinar<\/strong> de Ingartek se volcar\u00e1 para impartir los mejores conocimientos sobre movilidad adquiridos en los m\u00e1s de 15 a\u00f1os de experiencia que computa en ofrecer <strong>soluciones de movilidad<\/strong> a las ciudades, a sus administraciones p\u00fablicas y a la ciudadan\u00eda para optimizar la gesti\u00f3n del transporte, la movilidad y la accesibilidad urbana.<\/p>\n<p>&nbsp;<\/p>\n","protected":false},"excerpt":{"rendered":"<p>Ingartek ser\u00e1 una de las empresas encargadas de colaborar e impartir sus conocimientos en la C\u00e1tedra Vectalia Movilidad. La c\u00e1tedra tiene como objetivo dar respuesta al creciente inter\u00e9s de empresas, profesionales e investigadores del sector de la movilidad y el&#8230;<\/p>\n","protected":false},"author":7,"featured_media":0,"comment_status":"closed","ping_status":"closed","sticky":false,"template":"","format":"standard","meta":{"content-type":"","footnotes":""},"categories":[124],"tags":[1363,308,263,264,385,425,449,414,169],"class_list":["post-23658","post","type-post","status-publish","format-standard","hentry","category-noticias","tag-catedra-vectalia-movilidad","tag-estudios-de-movilidad","tag-movilidad","tag-movilidad-sostenible","tag-movilidad-urbana","tag-movilidad-urbana-sostenible","tag-movilidad-y-transporte","tag-planes-de-movilidad","tag-transporte"],"_links":{"self":[{"href":"https:\/\/www.ingartek.com\/es\/wp-json\/wp\/v2\/posts\/23658","targetHints":{"allow":["GET"]}}],"collection":[{"href":"https:\/\/www.ingartek.com\/es\/wp-json\/wp\/v2\/posts"}],"about":[{"href":"https:\/\/www.ingartek.com\/es\/wp-json\/wp\/v2\/types\/post"}],"author":[{"embeddable":true,"href":"https:\/\/www.ingartek.com\/es\/wp-json\/wp\/v2\/users\/7"}],"replies":[{"embeddable":true,"href":"https:\/\/www.ingartek.com\/es\/wp-json\/wp\/v2\/comments?post=23658"}],"version-history":[{"count":0,"href":"https:\/\/www.ingartek.com\/es\/wp-json\/wp\/v2\/posts\/23658\/revisions"}],"wp:attachment":[{"href":"https:\/\/www.ingartek.com\/es\/wp-json\/wp\/v2\/media?parent=23658"}],"wp:term":[{"taxonomy":"category","embeddable":true,"href":"https:\/\/www.ingartek.com\/es\/wp-json\/wp\/v2\/categories?post=23658"},{"taxonomy":"post_tag","embeddable":true,"href":"https:\/\/www.ingartek.com\/es\/wp-json\/wp\/v2\/tags?post=23658"}],"curies":[{"name":"wp","href":"https:\/\/api.w.org\/{rel}","templated":true}]}}