{"id":22858,"date":"2021-12-13T09:00:43","date_gmt":"2021-12-13T08:00:43","guid":{"rendered":"https:\/\/www.ingartek.com\/?p=22858"},"modified":"2025-03-26T16:06:05","modified_gmt":"2025-03-26T15:06:05","slug":"ingartek-redacta-el-proyecto-para-el-servicio-publico-del-autobus-urbano-de-alicante","status":"publish","type":"post","link":"https:\/\/www.ingartek.com\/es\/ingartek-redacta-el-proyecto-para-el-servicio-publico-del-autobus-urbano-de-alicante\/","title":{"rendered":"Ingartek redacta el Proyecto de Servicio P\u00fablico del Autob\u00fas Urbano de Alicante."},"content":{"rendered":"<p>Ingartek, junto a Broseta Abogados, ha redactado el Proyecto de Servicio P\u00fablico del Autob\u00fas Urbano de Alicante. Ingartek ha estudiado y analizado las necesidades de movilidad de la ciudadan\u00eda, y junto con el Ayuntamiento de Alicante ha dise\u00f1ado las bases de lo que ser\u00e1 la movilidad del futuro en el transporte p\u00fablico de la ciudad.<\/p>\n<h4>Un modelo de transporte urbano sostenible<\/h4>\n<p>El proyecto ha tenido como objetivo impulsar un modelo de <a href=\"https:\/\/www.ingartek.com\/es\/planes-estrategicos-de-movilidad-y-transporte\/\" target=\"_blank\" rel=\"noopener\">transporte urbano m\u00e1s sostenible<\/a> desde el punto de vista social, ambiental y econ\u00f3mico, el cual, al mismo tiempo, satisfaga todas las necesidades de movilidad de la ciudadan\u00eda.<\/p>\n<p>Para realizar el proyecto para el <b>Ayuntamiento de Alicante,<\/b> Ingartek ha realizado un amplio estudio que ha incluido un intenso trabajo de campo, obteniendo informaci\u00f3n sobre las rutas existentes y los h\u00e1bitos de la ciudadan\u00eda con respecto al uso del transporte p\u00fablico.<\/p>\n<p>Con todo ello, Ingartek ha propuesto un modelo radial, con un servicio en forma de abanico, que permite facilitar la conexi\u00f3n entre la periferia y el centro de la ciudad. Es decir, un <b>sistema de transporte urbano<\/b> que conecte los barrios con el centro urbano, dando as\u00ed respuesta a los principales itinerarios que realiza la ciudadan\u00eda.<\/p>\n<p>Adem\u00e1s, y como relevante novedad respecto del sistema actual, se implantar\u00e1 un sistema de <b>Transporte a la Demanda<\/b> (TAD) con seis l\u00edneas para dar cobertura a las partidas rurales.<\/p>\n<p>El proyecto recoge m\u00faltiples actuaciones, la mejora de frecuencias y recorridos de las l\u00edneas existentes, as\u00ed como la ampliaci\u00f3n de l\u00edneas del <b>autob\u00fas urbano<\/b>, que conectar\u00e1n zonas de uso habitual de la ciudadan\u00eda, como el Hospital de San Juan. Tambi\u00e9n se propone mejorar la conexi\u00f3n y la frecuencia con pol\u00edgonos industriales situados entre Alicante y el \u00c1rea Empresarial de Las Atalayas, para aumentar el n\u00famero de usuarios y usuarias de <b>transporte urbano<\/b> de dichas zonas.<\/p>\n<h4>Autobuses el\u00e9ctricos<\/h4>\n<p>Apostar por una <a href=\"https:\/\/www.ingartek.com\/es\/estudios-de-movilidad-y-trafico\/\" target=\"_blank\" rel=\"noopener\">movilidad urbana sostenible<\/a> pasa tambi\u00e9n por mejorar la flota de autobuses. Por ello, el proyecto realizado por Ingartek tambi\u00e9n recoge la <b>electrificaci\u00f3n del servicio<\/b>. As\u00ed, se renovar\u00e1 con autobuses el\u00e9ctricos <b>m\u00e1s de dos tercios de la flota<\/b>, cumpliendo de esta manera con los c\u00e1nones establecidos a nivel europeo a este respecto.<\/p>\n<p>En <b>Ingartek <\/b>contamos con amplia experiencia en <a href=\"https:\/\/www.ingartek.com\/es\/proyectos-de-movilidad-y-transporte\/\" target=\"_blank\" rel=\"noopener\">proyectos<\/a> como el nuevo Servicio P\u00fablico del autob\u00fas urbano de Alicante, realizado gracias al amplio <a href=\"https:\/\/www.ingartek.com\/es\/quienes-somos\/#equipo\" target=\"_blank\" rel=\"noopener\">equipo<\/a> que conforman los <b>expertos en movilidad<\/b> de Ingartek. Somos una consultor\u00eda e ingenier\u00eda de movilidad y transporte que ofrece inteligencia en movimiento a ciudades, a administraciones p\u00fablicas y a la ciudadan\u00eda.<\/p>\n","protected":false},"excerpt":{"rendered":"<p>Ingartek, junto a Broseta Abogados, ha redactado el Proyecto de Servicio P\u00fablico del Autob\u00fas Urbano de Alicante. Ingartek ha estudiado y analizado las necesidades de movilidad de la ciudadan\u00eda, y junto con el Ayuntamiento de Alicante ha dise\u00f1ado las bases&#8230;<\/p>\n","protected":false},"author":7,"featured_media":0,"comment_status":"closed","ping_status":"closed","sticky":false,"template":"","format":"standard","meta":{"content-type":"","footnotes":""},"categories":[124],"tags":[596,1318,426,1133,1039,391,1285,263,425,262,1319,170,636],"class_list":["post-22858","post","type-post","status-publish","format-standard","hentry","category-noticias","tag-alicante","tag-ayuntamiento-de-alicante","tag-consultoria-de-movilidad","tag-consultoria-de-movilidad-y-trafico","tag-electrificacion-de-la-movilidad","tag-estudio-de-trafico","tag-expertos-en-movilidad","tag-movilidad","tag-movilidad-urbana-sostenible","tag-proyecto","tag-transporte-a-la-demanda","tag-transporte-publico","tag-transporte-urbano"],"_links":{"self":[{"href":"https:\/\/www.ingartek.com\/es\/wp-json\/wp\/v2\/posts\/22858","targetHints":{"allow":["GET"]}}],"collection":[{"href":"https:\/\/www.ingartek.com\/es\/wp-json\/wp\/v2\/posts"}],"about":[{"href":"https:\/\/www.ingartek.com\/es\/wp-json\/wp\/v2\/types\/post"}],"author":[{"embeddable":true,"href":"https:\/\/www.ingartek.com\/es\/wp-json\/wp\/v2\/users\/7"}],"replies":[{"embeddable":true,"href":"https:\/\/www.ingartek.com\/es\/wp-json\/wp\/v2\/comments?post=22858"}],"version-history":[{"count":0,"href":"https:\/\/www.ingartek.com\/es\/wp-json\/wp\/v2\/posts\/22858\/revisions"}],"wp:attachment":[{"href":"https:\/\/www.ingartek.com\/es\/wp-json\/wp\/v2\/media?parent=22858"}],"wp:term":[{"taxonomy":"category","embeddable":true,"href":"https:\/\/www.ingartek.com\/es\/wp-json\/wp\/v2\/categories?post=22858"},{"taxonomy":"post_tag","embeddable":true,"href":"https:\/\/www.ingartek.com\/es\/wp-json\/wp\/v2\/tags?post=22858"}],"curies":[{"name":"wp","href":"https:\/\/api.w.org\/{rel}","templated":true}]}}