{"id":22722,"date":"2021-11-08T14:20:34","date_gmt":"2021-11-08T13:20:34","guid":{"rendered":"https:\/\/www.ingartek.com\/?p=22722"},"modified":"2025-03-26T16:06:06","modified_gmt":"2025-03-26T15:06:06","slug":"estudio-de-movilidad-de-viajeros-y-mercancias-del-pais-vasco","status":"publish","type":"post","link":"https:\/\/www.ingartek.com\/es\/estudio-de-movilidad-de-viajeros-y-mercancias-del-pais-vasco\/","title":{"rendered":"Estudio de movilidad e imagen de la demanda de la CAE 2021"},"content":{"rendered":"<p>Ya est\u00e1 en marcha el estudio de movilidad movilidad e imagen de la demanda de la CAE 2021. A d\u00eda de hoy, es fundamental conocer la demanda de movilidad y su evoluci\u00f3n con el fin de garantizar la accesibilidad universal y avanzar hacia un sistema de transporte m\u00e1s sostenible. Por ello, el Gobierno Vasco ha visto la necesidad de actualizar el <b>Estudio de movilidad e imagen de la demanda de viajeros y de mercanc\u00edas<\/b>, para actualizarlo y adecuarlo a la realidad actual.<\/p>\n<p>El Departamento de Planificaci\u00f3n Territorial, Vivienda y Transportes ha confiado en <b>Ingartek<\/b> para realizar este proyecto.<\/p>\n<h4>Caracterizaci\u00f3n de la movilidad<\/h4>\n<p>En octubre comenz\u00f3 la <b>fase de recogida de datos en campo <\/b>para realizar el estudio de movilidad movilidad e imagen de la demanda de la CAE 2021. A este m\u00e9todo tradicional de recogida de informaci\u00f3n (encuesta de movilidad a residentes, encuestas cord\u00f3n\u2026), se a\u00f1adir\u00e1 por primera vez en este estudio informaci\u00f3n procedente de <b>datos de telefon\u00eda m\u00f3vil<\/b>. Esto ser\u00e1 posible gracias a que Ingartek y Orange son partners para el <b>an\u00e1lisis big data<\/b> desde el 2017.<\/p>\n<p>As\u00ed, el estudio resultante recoger\u00e1 informaci\u00f3n obtenida a trav\u00e9s de datos de telefon\u00eda y encuestas de movilidad a residentes<b>, <\/b>pero tambi\u00e9n<b> datos de mon\u00e9tica de transporte p\u00fablico y de estaciones de aforo de tr\u00e1fico.<\/b> En base a esos datos, se obtendr\u00e1n <a href=\"https:\/\/www.ingartek.com\/es\/productos\/estimat-estimaciones-sobre-matrices-origen-destino\/\" target=\"_blank\" rel=\"noopener\">matrices origen\/destino<\/a><b>, <\/b>as\u00ed como la<b> caracterizaci\u00f3n de la movilidad <\/b>en la CAE<b>.<\/b><\/p>\n<p>En Ingartek trabajamos para satisfacer las necesidades de gesti\u00f3n en el sector del <a href=\"https:\/\/www.ingartek.com\/es\/servicios\/\" target=\"_blank\" rel=\"noopener\">transporte y la movilidad<\/a> a las que se enfrentan habitualmente las administraciones p\u00fablicas. Somos una Consultora de Ingenier\u00eda de Movilidad y Transporte formada por un equipo multidisciplinar con <b>m\u00e1s de 15 a\u00f1os de experiencia.<\/b><\/p>\n<p>Ofrecemos \u00abInteligencia en Movimiento\u00bb en todas nuestras soluciones a las ciudades, sus administraciones p\u00fablicas y la ciudadan\u00eda, para as\u00ed optimizar la gesti\u00f3n del transporte, la circulaci\u00f3n, la movilidad, y la accesibilidad urbana. Porque en <a href=\"https:\/\/www.ingartek.com\/es\/quienes-somos\/\" target=\"_blank\" rel=\"noopener\">Ingartek<\/a> nos mueve el deseo de un mundo que facilite la movilidad de la ciudadan\u00eda en sus desplazamientos.<\/p>\n<p>&nbsp;<\/p>\n","protected":false},"excerpt":{"rendered":"<p>Ya est\u00e1 en marcha el estudio de movilidad movilidad e imagen de la demanda de la CAE 2021. A d\u00eda de hoy, es fundamental conocer la demanda de movilidad y su evoluci\u00f3n con el fin de garantizar la accesibilidad universal&#8230;<\/p>\n","protected":false},"author":7,"featured_media":0,"comment_status":"closed","ping_status":"closed","sticky":false,"template":"","format":"standard","meta":{"content-type":"","footnotes":""},"categories":[124],"tags":[403,1131,311,709,1127,663,1162,1206,385,170,696],"class_list":["post-22722","post","type-post","status-publish","format-standard","hentry","category-noticias","tag-accesibilidad-urbana","tag-analisis-de-trafico","tag-big-data","tag-consultora-de-movildiad-y-transporte","tag-consultores-de-trafico","tag-datos-de-telefonia-movil","tag-estudio-de-movilidad","tag-monetica","tag-movilidad-urbana","tag-transporte-publico","tag-transporte-y-movilidad"],"_links":{"self":[{"href":"https:\/\/www.ingartek.com\/es\/wp-json\/wp\/v2\/posts\/22722","targetHints":{"allow":["GET"]}}],"collection":[{"href":"https:\/\/www.ingartek.com\/es\/wp-json\/wp\/v2\/posts"}],"about":[{"href":"https:\/\/www.ingartek.com\/es\/wp-json\/wp\/v2\/types\/post"}],"author":[{"embeddable":true,"href":"https:\/\/www.ingartek.com\/es\/wp-json\/wp\/v2\/users\/7"}],"replies":[{"embeddable":true,"href":"https:\/\/www.ingartek.com\/es\/wp-json\/wp\/v2\/comments?post=22722"}],"version-history":[{"count":0,"href":"https:\/\/www.ingartek.com\/es\/wp-json\/wp\/v2\/posts\/22722\/revisions"}],"wp:attachment":[{"href":"https:\/\/www.ingartek.com\/es\/wp-json\/wp\/v2\/media?parent=22722"}],"wp:term":[{"taxonomy":"category","embeddable":true,"href":"https:\/\/www.ingartek.com\/es\/wp-json\/wp\/v2\/categories?post=22722"},{"taxonomy":"post_tag","embeddable":true,"href":"https:\/\/www.ingartek.com\/es\/wp-json\/wp\/v2\/tags?post=22722"}],"curies":[{"name":"wp","href":"https:\/\/api.w.org\/{rel}","templated":true}]}}