{"id":22691,"date":"2021-10-26T07:00:27","date_gmt":"2021-10-26T06:00:27","guid":{"rendered":"https:\/\/www.ingartek.com\/?p=22691"},"modified":"2025-03-26T16:06:06","modified_gmt":"2025-03-26T15:06:06","slug":"que-papel-juega-el-ferrocarril-en-la-movilidad-urbana-sostenible","status":"publish","type":"post","link":"https:\/\/www.ingartek.com\/es\/que-papel-juega-el-ferrocarril-en-la-movilidad-urbana-sostenible\/","title":{"rendered":"\u00bfQu\u00e9 papel juega el ferrocarril en la movilidad urbana sostenible?"},"content":{"rendered":"<p>Dentro de las conferencias organizadas por la C\u00e1tedra Transporte y Sociedad de la Universidad Polit\u00e9cnica de Valencia y la Generalitat Valencia, se estudiar\u00e1 el papel que juega el ferrocarril en la movilidad urbana sostenible.<\/p>\n<p>Dicha conferencia tendr\u00e1 lugar el jueves, 28 de octubre de 2021, y contar\u00e1 con la participaci\u00f3n de <strong>Udane Ansa<\/strong>, ingeniera de caminos, canales y puertos de Ingartek. <a href=\"https:\/\/www.ingartek.com\/es\/quienes-somos\/#equipo\" target=\"_blank\" rel=\"noopener\">Ansa<\/a> explicar\u00e1 a las y los all\u00ed presentes el proyecto sobre la <strong>pasante ferroviaria de San Sebasti\u00e1n<\/strong>, llevada a cabo por <a href=\"https:\/\/www.ingartek.com\/es\/quienes-somos\/\" target=\"_blank\" rel=\"noopener\">Ingartek<\/a>, como ejemplo del papel que puede jugar el ferrocarril en la movilidad urbana sostenible.<\/p>\n<p>La ponencia de Ansa est\u00e1 incluida dentro de la <a href=\"https:\/\/www.transporteysociedad.es\/programa_jornada_28oct.pdf\" target=\"_blank\" rel=\"noopener nofollow\">mesa redonda<\/a> sobre la planificaci\u00f3n ferroviaria urbana en Espa\u00f1a, y junto a Ansa, participar\u00e1n en la mesa redonda Txema Torner, jefe del Servicio de Movilidad de la Generalitat Valenciana; Juan Herrera, jefe de proyectos en la Junta de Andaluc\u00eda; y David Monchol\u00ed, director de Movilidad y Transporte en IDOM Consulting.<\/p>\n<p>La jornada se podr\u00e1 seguir online, en la direcci\u00f3n jornada.transporteysociedad.es.<\/p>\n<p><strong>Gran experiencia en movilidad urbana sostenible<\/strong><\/p>\n<p>En Ingartek contamos con amplia experiencia en <a href=\"https:\/\/www.ingartek.com\/es\/proyectos-de-movilidad-y-transporte\/\" target=\"_blank\" rel=\"noopener\">proyectos<\/a> relacionados con la <strong>movilidad urbana sostenible<\/strong>. Realizamos <a href=\"https:\/\/www.ingartek.com\/es\/planes-estrategicos-de-movilidad-y-transporte\/\" target=\"_blank\" rel=\"noopener\">planes estrat\u00e9gicos<\/a> de movilidad y transporte, as\u00ed como <a href=\"https:\/\/www.ingartek.com\/es\/estudios-de-movilidad-y-trafico\/\" target=\"_blank\" rel=\"noopener\">estudios de movilidad y tr\u00e1fico<\/a>, para lo contamos con diferentes <a href=\"https:\/\/www.ingartek.com\/es\/productos\/\" target=\"_blank\" rel=\"noopener\">sistem\u00e1ticas<\/a> y metodolog\u00edas.<\/p>\n<p>Ser\u00e1 un placer poder exponer nuestra experiencia en este \u00e1mbito de la mano de nuestra compa\u00f1era Udane Ansa. Gracias a organizadores y resto de ponentes y participantes por confiar en Ingartek.<\/p>\n","protected":false},"excerpt":{"rendered":"<p>Dentro de las conferencias organizadas por la C\u00e1tedra Transporte y Sociedad de la Universidad Polit\u00e9cnica de Valencia y la Generalitat Valencia, se estudiar\u00e1 el papel que juega el ferrocarril en la movilidad urbana sostenible. Dicha conferencia tendr\u00e1 lugar el jueves,&#8230;<\/p>\n","protected":false},"author":7,"featured_media":0,"comment_status":"closed","ping_status":"closed","sticky":false,"template":"","format":"standard","meta":{"content-type":"","footnotes":""},"categories":[124],"tags":[1200,1199,1205,1203,1201,263,264,425,449,1204,266,169,450,1202,168],"class_list":["post-22691","post","type-post","status-publish","format-standard","hentry","category-noticias","tag-conferencia","tag-ferrocarril","tag-ferroviaria","tag-generalitat-de-valencia","tag-mesa-redonda","tag-movilidad","tag-movilidad-sostenible","tag-movilidad-urbana-sostenible","tag-movilidad-y-transporte","tag-pasante","tag-san-sebastian","tag-transporte","tag-udane-ansa","tag-universidad-publica-de-valencia","tag-upv"],"_links":{"self":[{"href":"https:\/\/www.ingartek.com\/es\/wp-json\/wp\/v2\/posts\/22691","targetHints":{"allow":["GET"]}}],"collection":[{"href":"https:\/\/www.ingartek.com\/es\/wp-json\/wp\/v2\/posts"}],"about":[{"href":"https:\/\/www.ingartek.com\/es\/wp-json\/wp\/v2\/types\/post"}],"author":[{"embeddable":true,"href":"https:\/\/www.ingartek.com\/es\/wp-json\/wp\/v2\/users\/7"}],"replies":[{"embeddable":true,"href":"https:\/\/www.ingartek.com\/es\/wp-json\/wp\/v2\/comments?post=22691"}],"version-history":[{"count":0,"href":"https:\/\/www.ingartek.com\/es\/wp-json\/wp\/v2\/posts\/22691\/revisions"}],"wp:attachment":[{"href":"https:\/\/www.ingartek.com\/es\/wp-json\/wp\/v2\/media?parent=22691"}],"wp:term":[{"taxonomy":"category","embeddable":true,"href":"https:\/\/www.ingartek.com\/es\/wp-json\/wp\/v2\/categories?post=22691"},{"taxonomy":"post_tag","embeddable":true,"href":"https:\/\/www.ingartek.com\/es\/wp-json\/wp\/v2\/tags?post=22691"}],"curies":[{"name":"wp","href":"https:\/\/api.w.org\/{rel}","templated":true}]}}