{"id":22633,"date":"2021-10-14T13:31:10","date_gmt":"2021-10-14T12:31:10","guid":{"rendered":"https:\/\/www.ingartek.com\/?p=22633"},"modified":"2025-03-26T16:06:06","modified_gmt":"2025-03-26T15:06:06","slug":"necesitas-la-ayuda-de-un-experto-en-movilidad-urbana-sostenible","status":"publish","type":"post","link":"https:\/\/www.ingartek.com\/es\/necesitas-la-ayuda-de-un-experto-en-movilidad-urbana-sostenible\/","title":{"rendered":"\u00bfNecesitas la ayuda de un experto en movilidad urbana sostenible?"},"content":{"rendered":"<p>En las \u00faltimas d\u00e9cadas se han producido cambios sociales, econ\u00f3micos y tecnol\u00f3gicos que han puesto de manifiesto que las administraciones p\u00fablicas tienen la necesidad de contar con un experto en movilidad urbana sostenible. O lo que ser\u00eda lo mismo, una empresa dedicada a la movilidad. Esa persona o empresa ser\u00e1 la encargada de elaborar un diagn\u00f3stico sobre la situaci\u00f3n de un espacio en materia de movilidad, y de dise\u00f1ar y realizar <b>planes de movilidad sostenible<\/b>.<\/p>\n<h4>Movilidad del transporte p\u00fablico colectivo<\/h4>\n<p>El objetivo del plan de movilidad es mejorar la movilidad general y, sobre todo, reducir la necesidad de utilizar el veh\u00edculo privado. Para ello, ser\u00e1 importante analizar las v\u00edas para optimizar las condiciones de <a href=\"https:\/\/www.ingartek.com\/es\/planes-estrategicos-de-movilidad-y-transporte\/\" target=\"_blank\" rel=\"noopener\">movilidad del transporte p\u00fablico<\/a> colectivo, a pie y en bicicleta.<\/p>\n<p>La distancia que separa los lugares de trabajo de la vivienda habitual, hace que hoy en d\u00eda la <b>movilidad urbana sostenible<\/b> deseada se aleje de la realidad: la intensidad del tr\u00e1fico en hora punta, la contaminaci\u00f3n por emisiones, la contaminaci\u00f3n ac\u00fastica, la p\u00e9rdida de tiempo\u2026 Adem\u00e1s, la creciente expansi\u00f3n urbana ha hecho que la dependencia del veh\u00edculo propio vaya <i>in crescendo<\/i>.<\/p>\n<p>Vivimos en una sociedad donde el veh\u00edculo privado es el modo de transporte prioritario, y esto da lugar a una gran ocupaci\u00f3n del espacio, un enorme consumo energ\u00e9tico y peligrosos niveles de contaminaci\u00f3n en las ciudades. El objetivo de toda Administraci\u00f3n p\u00fablica del transporte es dar una soluci\u00f3n a estos problemas de <b>accesibilidad urbana<\/b>, tan t\u00edpicas de la econom\u00eda moderna. La configuraci\u00f3n actual est\u00e1 provocando gran parte de los problemas de sostenibilidad ambiental, social y energ\u00e9tica.<\/p>\n<p>Por ello, es necesario actuar en los diferentes <b>planes de movilidad<\/b>, para modificar dichas tendencias buscando alternativas como el transporte p\u00fablico u otros tipos de transporte no motorizados. As\u00ed mismo, cada vez se da m\u00e1s importancia al peat\u00f3n, al ciclista y la intermodalidad de los sistemas de transporte a la hora de dise\u00f1ar ciudades.<\/p>\n<h4>Un estudio de movilidad a tu medida<\/h4>\n<p>En <a href=\"https:\/\/www.ingartek.com\/es\/quienes-somos\/\" target=\"_blank\" rel=\"noopener\">Ingartek<\/a> contamos con un equipo multidisciplinar, especializado en ingenier\u00eda de tr\u00e1fico y movilidad. El equipo de expertos es el encargado de realizar los estudios necesarios para la obtenci\u00f3n de los datos concluyentes; tambi\u00e9n realizan encuestas o <a href=\"https:\/\/www.ingartek.com\/es\/estudios-de-movilidad-y-trafico\/\" target=\"_blank\" rel=\"noopener\">estudios<\/a> de las demandas actuales. En Ingartek contamos con equipo experto en movilidad urbana sostebile.<\/p>\n<p>Con la informaci\u00f3n obtenida, crean un plan de movilidad adaptado a las necesidades del solicitante, con diferentes modelos de movilidad, estudios de impacto y simulaciones. En el objetivo final est\u00e1n la accesibilidad universal, la regeneraci\u00f3n urbana y la calidad de los espacios p\u00fablicos.<\/p>\n<p>Puedes consultar varios de los proyectos que hemos desarrollado en Ingartek en el <a href=\"https:\/\/www.ingartek.com\/es\/proyectos-de-movilidad-y-transporte\/\" target=\"_blank\" rel=\"noopener\">apartado proyectos<\/a> de nuestra p\u00e1gina web.<\/p>\n","protected":false},"excerpt":{"rendered":"<p>En las \u00faltimas d\u00e9cadas se han producido cambios sociales, econ\u00f3micos y tecnol\u00f3gicos que han puesto de manifiesto que las administraciones p\u00fablicas tienen la necesidad de contar con un experto en movilidad urbana sostenible. O lo que ser\u00eda lo mismo, una&#8230;<\/p>\n","protected":false},"author":7,"featured_media":0,"comment_status":"closed","ping_status":"closed","sticky":false,"template":"","format":"standard","meta":{"content-type":"","footnotes":""},"categories":[124],"tags":[432,1162,1161,1135,1163,263,425,414,404,169,170],"class_list":["post-22633","post","type-post","status-publish","format-standard","hentry","category-noticias","tag-accesibilidad-universal","tag-estudio-de-movilidad","tag-experto","tag-ingenieria-de-movilidad","tag-ingenieria-de-trafico","tag-movilidad","tag-movilidad-urbana-sostenible","tag-planes-de-movilidad","tag-regeneracion-urbana","tag-transporte","tag-transporte-publico"],"_links":{"self":[{"href":"https:\/\/www.ingartek.com\/es\/wp-json\/wp\/v2\/posts\/22633","targetHints":{"allow":["GET"]}}],"collection":[{"href":"https:\/\/www.ingartek.com\/es\/wp-json\/wp\/v2\/posts"}],"about":[{"href":"https:\/\/www.ingartek.com\/es\/wp-json\/wp\/v2\/types\/post"}],"author":[{"embeddable":true,"href":"https:\/\/www.ingartek.com\/es\/wp-json\/wp\/v2\/users\/7"}],"replies":[{"embeddable":true,"href":"https:\/\/www.ingartek.com\/es\/wp-json\/wp\/v2\/comments?post=22633"}],"version-history":[{"count":0,"href":"https:\/\/www.ingartek.com\/es\/wp-json\/wp\/v2\/posts\/22633\/revisions"}],"wp:attachment":[{"href":"https:\/\/www.ingartek.com\/es\/wp-json\/wp\/v2\/media?parent=22633"}],"wp:term":[{"taxonomy":"category","embeddable":true,"href":"https:\/\/www.ingartek.com\/es\/wp-json\/wp\/v2\/categories?post=22633"},{"taxonomy":"post_tag","embeddable":true,"href":"https:\/\/www.ingartek.com\/es\/wp-json\/wp\/v2\/tags?post=22633"}],"curies":[{"name":"wp","href":"https:\/\/api.w.org\/{rel}","templated":true}]}}