{"id":22080,"date":"2021-07-12T15:11:34","date_gmt":"2021-07-12T14:11:34","guid":{"rendered":"https:\/\/www.ingartek.com\/?p=22080"},"modified":"2025-03-26T16:06:09","modified_gmt":"2025-03-26T15:06:09","slug":"sergio-barrena-participara-en-el-congreso-its-espana-que-se-celebrara-del-13-al-15-de-julio","status":"publish","type":"post","link":"https:\/\/www.ingartek.com\/es\/sergio-barrena-participara-en-el-congreso-its-espana-que-se-celebrara-del-13-al-15-de-julio\/","title":{"rendered":"Sergio Barre\u00f1a participar\u00e1 en el congreso ITS Espa\u00f1a que se celebrar\u00e1 del 13 al 15 de julio"},"content":{"rendered":"<p>Sergio Barre\u00f1a participar\u00e1 en el XXI congreso ITS Espa\u00f1a que se celebrar\u00e1 en Madrid del 13 al 15 de julio. En esta ocasi\u00f3n el congreso se recoger\u00e1n las aportaciones de los ITS al Plan de Recuperaci\u00f3n, Transformaci\u00f3n y Resiliencia.<\/p>\n<p>El congreso se basar\u00e1 en cinco vectores: ITS para el pago por uso de carreteras, ITS para la seguridad y la eficiencia en la gesti\u00f3n de t\u00faneles de carretera, la <a href=\"https:\/\/www.ingartek.com\/es\/webinar-sobre-maas-la-movilidad-conectada\/\" target=\"_blank\" rel=\"noopener\">movilidad conectada<\/a>, las Smart Cities y la digitalizaci\u00f3n del pago en el transporte p\u00fablico.<\/p>\n<h4>Zonas de bajas emisiones<\/h4>\n<p>Tal y como lo hemos anunciado, <a href=\"https:\/\/www.ingartek.com\/es\/quienes-somos\/#equipo\" target=\"_blank\" rel=\"noopener\">Sergio Barre\u00f1a<\/a>, soci\u00f3logo y socio fundador de <a href=\"https:\/\/www.ingartek.com\/es\/\" target=\"_blank\" rel=\"noopener\">Ingartek<\/a> participar\u00e1 en el congreso ITS Espa\u00f1a para hablar sobre las <strong>zonas de bajas emisiones<\/strong>. Es decir, el conjunto de v\u00edas p\u00fablicas debidamente delimitadas que presenten continuidad geogr\u00e1fica, en que se implanten medidas especiales de regulaci\u00f3n de acceso, circulaci\u00f3n y estacionamiento de veh\u00edculos, para la reducci\u00f3n de las emisiones contaminantes procedentes del tr\u00e1fico.<\/p>\n<p>Concretamente, Barre\u00f1a expondr\u00e1 una gu\u00eda de ayuda para los <strong>ayuntamientos<\/strong> para que estos puedan dise\u00f1ar sus zonas de bajas emisiones. La exposici\u00f3n de Barre\u00f1a ser\u00e1 el d\u00eda 14 de julio, mi\u00e9rcoles.<\/p>\n<p>Barre\u00f1a proporcionar\u00e1 informaci\u00f3n sobre el cumplimiento de la ley sobre las zonas de bajas emisiones, as\u00ed como los pasos a seguir para implantar una zona de dichas caracter\u00edsticas, o el impacto que esta pueda generar.<\/p>\n<h4>Movilidad urbana sostenible<\/h4>\n<p>El crecimiento de la poblaci\u00f3n va en aumento a nivel mundial, y la gesti\u00f3n del crecimiento urbano es clave para el <strong>desarrollo sostenible<\/strong>. Por eso, para el 2023 ser\u00e1 imprescindible que ciudades con m\u00e1s de 50.000 habitantes establezcan zonas de bajas emisiones. De cara a ese objetivo, Barre\u00f1a proporcionar\u00e1 datos y pasos a seguir destinados al cumplimiento de la normativa.<\/p>\n<p>Si quieres saber m\u00e1s sobre las zonas de bajas emisiones, ponte en <a href=\"https:\/\/www.ingartek.com\/es\/contacto\/\" target=\"_blank\" rel=\"noopener\">contacto<\/a> con nosotros o suscr\u00edbete a nuestro <a href=\"https:\/\/ingartek.ipzmarketing.com\/f\/IGmcN_jV514\" target=\"_blank\" rel=\"noopener nofollow\">newsletter<\/a>. En breve os daremos m\u00e1s informaci\u00f3n sobre cuestiones a tener en cuenta para la implantaci\u00f3n de zonas de bajas emisiones.<\/p>\n","protected":false},"excerpt":{"rendered":"<p>Sergio Barre\u00f1a participar\u00e1 en el XXI congreso ITS Espa\u00f1a que se celebrar\u00e1 en Madrid del 13 al 15 de julio. En esta ocasi\u00f3n el congreso se recoger\u00e1n las aportaciones de los ITS al Plan de Recuperaci\u00f3n, Transformaci\u00f3n y Resiliencia. El&#8230;<\/p>\n","protected":false},"author":7,"featured_media":0,"comment_status":"closed","ping_status":"closed","sticky":false,"template":"","format":"standard","meta":{"content-type":"","footnotes":""},"categories":[124,1979],"tags":[609,1084,405,388,406,1004,425,319,307,1085],"class_list":["post-22080","post","type-post","status-publish","format-standard","hentry","category-noticias","category-webinar","tag-ayuntamientos","tag-bajas-emisiones","tag-congreso-its-espana","tag-desarrollo-sostenible","tag-its","tag-its-espana","tag-movilidad-urbana-sostenible","tag-sergio-barrena","tag-trafico","tag-zonas-de-bajas-emisiones"],"_links":{"self":[{"href":"https:\/\/www.ingartek.com\/es\/wp-json\/wp\/v2\/posts\/22080","targetHints":{"allow":["GET"]}}],"collection":[{"href":"https:\/\/www.ingartek.com\/es\/wp-json\/wp\/v2\/posts"}],"about":[{"href":"https:\/\/www.ingartek.com\/es\/wp-json\/wp\/v2\/types\/post"}],"author":[{"embeddable":true,"href":"https:\/\/www.ingartek.com\/es\/wp-json\/wp\/v2\/users\/7"}],"replies":[{"embeddable":true,"href":"https:\/\/www.ingartek.com\/es\/wp-json\/wp\/v2\/comments?post=22080"}],"version-history":[{"count":0,"href":"https:\/\/www.ingartek.com\/es\/wp-json\/wp\/v2\/posts\/22080\/revisions"}],"wp:attachment":[{"href":"https:\/\/www.ingartek.com\/es\/wp-json\/wp\/v2\/media?parent=22080"}],"wp:term":[{"taxonomy":"category","embeddable":true,"href":"https:\/\/www.ingartek.com\/es\/wp-json\/wp\/v2\/categories?post=22080"},{"taxonomy":"post_tag","embeddable":true,"href":"https:\/\/www.ingartek.com\/es\/wp-json\/wp\/v2\/tags?post=22080"}],"curies":[{"name":"wp","href":"https:\/\/api.w.org\/{rel}","templated":true}]}}