{"id":22026,"date":"2021-07-02T09:26:08","date_gmt":"2021-07-02T08:26:08","guid":{"rendered":"https:\/\/www.ingartek.com\/?p=22026"},"modified":"2025-03-26T16:06:09","modified_gmt":"2025-03-26T15:06:09","slug":"webinar-sobre-maas-la-movilidad-conectada","status":"publish","type":"post","link":"https:\/\/www.ingartek.com\/es\/webinar-sobre-maas-la-movilidad-conectada\/","title":{"rendered":"Webinar sobre MAAS, la movilidad conectada"},"content":{"rendered":"<p>Ya tenemos preparado el siguiente webinar, en esta ocasi\u00f3n sobre el MAAS, la movilidad conectada. La sociedad va cambiando, y con ella tambi\u00e9n la forma de movernos. Las pol\u00edticas para impulsar el <strong>uso del transporte p\u00fablico<\/strong> han aumentado en los \u00faltimos a\u00f1os, y la movilidad se ha convirtiendo en tema de calado en cada vez m\u00e1s \u00e1mbitos.<\/p>\n<p>A todo ello hay que sumarle la <strong>transformaci\u00f3n digital<\/strong>, que por supuesto, tambi\u00e9n repercute en el sector de la <strong>movilidad<\/strong>. Teniendo en cuenta el papel tan importante que tienen los usuarios y la reci\u00e9n mencionada transformaci\u00f3n digital, el sector de la movilidad trabaja actualmente sobre un eje fundamental: la transformaci\u00f3n de la experiencia del cliente o usuario. Si queremos lograr que todo funcione, es imprescindible colocar en el centro a las y los usuarios.<\/p>\n<h4>Mayor adaptabilidad<\/h4>\n<p>Por ello, el <a href=\"https:\/\/www.ingartek.com\/es\/el-maas-y-las-nuevas-formas-de-pago-en-el-transporte\/\" target=\"_blank\" rel=\"noopener\">MAAS<\/a> o la Movilidad Como Servicio (<strong>Mobility as a Service<\/strong>) se est\u00e1 convirtiendo en un factor clave en cuestiones de movilidad. Las plataformas MaaS combinan servicios de proveedores de transporte p\u00fablicos y privados a trav\u00e9s de un portal unificado que crea y gestiona el viaje, permitiendo a las y a los usuarios una <strong>mayor adaptabilidad<\/strong> a sus necesidades particulares.<\/p>\n<p>Para desarrollar este concepto de movilidad como servicio, la emisi\u00f3n de billetes, la atenci\u00f3n al usuario o la prestaci\u00f3n de informaci\u00f3n ha de realizarse de forma que los servicios de movilidad se combinen para ofrecer a personas usuarias y pasajeras una oferta de transporte fluida y de f\u00e1cil acceso.<\/p>\n<p>\u00bfCu\u00e1les son las mejores pr\u00e1cticas para ayudar a los sistemas de emisi\u00f3n de billetes a alcanzar sus objetivos? \u00bfHasta cuanto son importantes las nuevas pol\u00edticas de movilidad?<\/p>\n<p>Te lo explicamos todo en el webinar que impartiremos junto a Siemes Mobility y PADAM el 9 de julio, a partir de las 10:00.<\/p>\n<p>El webinar ser\u00e1 impartido por <a href=\"https:\/\/es.linkedin.com\/in\/isidro-arrieta-amilibia-98903919\" target=\"_blank\" rel=\"noopener nofollow\">Isidro Arrieta<\/a> Cofundador de <a href=\"https:\/\/www.ingartek.com\/es\/\" target=\"_blank\" rel=\"noopener\">Ingartek<\/a>, MBA e Ingeniero en Electr\u00f3nica y Telecomunicaciones; <a href=\"https:\/\/de.linkedin.com\/in\/maximilian-kaiser\" target=\"_blank\" rel=\"noopener nofollow\">Maximiliam Kaiser<\/a>, International Sales Manager of Intermodal Solutions de Siemens Mobility, <strong>Antonio Gallardo V\u00e1zquez<\/strong>, Sales Manager Intermodal Solutions Spain de Siemens Mobility y <a href=\"https:\/\/www.linkedin.com\/in\/charles-paulinomontejo\/?originalSubdomain=fr\" target=\"_blank\" rel=\"noopener nofollow\">Charles Paulino Montejo<\/a>, Product Marketing Manager de PADAM.<\/p>\n<p>El coloquio ser\u00e1 moderado por <a href=\"https:\/\/www.ingartek.com\/es\/quienes-somos\/#equipo\" target=\"_blank\" rel=\"noopener\">Susana Alarc\u00f3n<\/a>, Matem\u00e1tica y socia fundadora de Ingartek.<\/p>\n<hr style=\"border-top: 1px solid #ccc;\" \/>\n<p style=\"text-align: center; font-size: 18px;\"><strong>Haz clic en el bot\u00f3n de abajo para apuntarte<\/strong><br \/>\nTe enviaremos por email el link y las instrucciones para conectarte<\/p>\n<p style=\"text-align: center;\"><span style=\"color: #993300;\"><a style=\"font-size: 18px; color: #993300;\" href=\"https:\/\/www.ingartek.com\/es\/webinars\/maas-la-movilidad-conectada\/\" target=\"_blank\" rel=\"noopener\"><strong>INSCR\u00cdBETE<\/strong><\/a><\/span><\/p>\n<hr style=\"border-top: 1px solid #993300;\" \/>\n<p><em>* Al inscribirte en el webinar est\u00e1s autorizando la recepci\u00f3n de noticias de Ingartek en tu email<\/em><\/p>\n","protected":false},"excerpt":{"rendered":"<p>Ya tenemos preparado el siguiente webinar, en esta ocasi\u00f3n sobre el MAAS, la movilidad conectada. La sociedad va cambiando, y con ella tambi\u00e9n la forma de movernos. Las pol\u00edticas para impulsar el uso del transporte p\u00fablico han aumentado en los&#8230;<\/p>\n","protected":false},"author":7,"featured_media":0,"comment_status":"closed","ping_status":"closed","sticky":false,"template":"","format":"standard","meta":{"content-type":"","footnotes":""},"categories":[124,1979],"tags":[1082,1083,272,676,1081,1078,263,685,1080,1079,700,170,683,705],"class_list":["post-22026","post","type-post","status-publish","format-standard","hentry","category-noticias","category-webinar","tag-antonio-gallardo-vazquez","tag-charles-paulino-montejo","tag-isidro-arrieta","tag-maas","tag-maximiliam-kaiser","tag-mobility-as-a-service","tag-movilidad","tag-movilidad-como-servicio","tag-padam","tag-siemens-mobility","tag-susana-alarcon","tag-transporte-publico","tag-viajero","tag-webinar"],"_links":{"self":[{"href":"https:\/\/www.ingartek.com\/es\/wp-json\/wp\/v2\/posts\/22026","targetHints":{"allow":["GET"]}}],"collection":[{"href":"https:\/\/www.ingartek.com\/es\/wp-json\/wp\/v2\/posts"}],"about":[{"href":"https:\/\/www.ingartek.com\/es\/wp-json\/wp\/v2\/types\/post"}],"author":[{"embeddable":true,"href":"https:\/\/www.ingartek.com\/es\/wp-json\/wp\/v2\/users\/7"}],"replies":[{"embeddable":true,"href":"https:\/\/www.ingartek.com\/es\/wp-json\/wp\/v2\/comments?post=22026"}],"version-history":[{"count":0,"href":"https:\/\/www.ingartek.com\/es\/wp-json\/wp\/v2\/posts\/22026\/revisions"}],"wp:attachment":[{"href":"https:\/\/www.ingartek.com\/es\/wp-json\/wp\/v2\/media?parent=22026"}],"wp:term":[{"taxonomy":"category","embeddable":true,"href":"https:\/\/www.ingartek.com\/es\/wp-json\/wp\/v2\/categories?post=22026"},{"taxonomy":"post_tag","embeddable":true,"href":"https:\/\/www.ingartek.com\/es\/wp-json\/wp\/v2\/tags?post=22026"}],"curies":[{"name":"wp","href":"https:\/\/api.w.org\/{rel}","templated":true}]}}