{"id":21947,"date":"2021-06-14T08:00:45","date_gmt":"2021-06-14T07:00:45","guid":{"rendered":"https:\/\/www.ingartek.com\/?p=21947"},"modified":"2025-03-26T16:06:09","modified_gmt":"2025-03-26T15:06:09","slug":"la-movilidad-sostenible-en-la-pandemia-apuesta-puntual-o-cambio-de-tendencia","status":"publish","type":"post","link":"https:\/\/www.ingartek.com\/es\/la-movilidad-sostenible-en-la-pandemia-apuesta-puntual-o-cambio-de-tendencia\/","title":{"rendered":"La movilidad sostenible en la pandemia: \u00bfApuesta puntual o cambio de tendencia?"},"content":{"rendered":"<p>Tal y como hemos comentado en otros <a href=\"https:\/\/www.ingartek.com\/es\/noticias\/\" target=\"_blank\" rel=\"noopener\">posts<\/a>, la pandemia ha tenido un gran reflejo en la <strong>movilidad sostenible<\/strong>. \u00bfPero c\u00f3mo ha afectado? \u00bfEs una apuesta puntual o un cambio de tendencia?<\/p>\n<p>Seg\u00fan los datos obtenidos durante los \u00faltimos meses, miles de personas han optado por hacer uso de la bicicleta o del patinete como v\u00eda principal de <strong>transporte<\/strong> debido al covid-19. Lo que ha tenido una gran influencia en el avance del <strong>Car Sharing<\/strong>. \u00bfC\u00f3mo ven los expertos esta tendencia?<\/p>\n<h4>\u00bfHa cambiado la movilidad sostenible en la pandemia?<\/h4>\n<p><a href=\"https:\/\/www.ingartek.com\/es\/quienes-somos\/#equipo\" target=\"_blank\" rel=\"noopener\">Sergio Barre\u00f1a<\/a>, socio-fundador de <strong>Ingartek<\/strong> y soci\u00f3logo, ha participado en el programa Ganbara de Radio Euskadi para analizar las nuevas tendencias sobre la movilidad sostenible. Barrena ha expuesto su punto de vista como <strong>experto en movilidad y transporte<\/strong>, junto a <strong>Jos\u00e9 <\/strong><strong>F\u00e9lix Basozabal<\/strong><strong>, <\/strong>experto en Transportes y Obras P\u00fablicas vinculado a la Administraci\u00f3n P\u00fablica desde 1980<strong>,<\/strong> <strong>Iker Maguregi<\/strong>, miembro de Eusko Car Sharing Elkartea y<strong> Mikel Rueda<\/strong><strong>, <\/strong>presidente de la Asociaci\u00f3n \u2018Camina Gasteiz\u2019.<\/p>\n<p>\u00bfQuieres saber m\u00e1s sobre c\u00f3mo ha afectado la pandemia a la movilidad sostenible? Barre\u00f1a y el resto de expertos explican las nuevas necesidades de la ciudadan\u00eda, c\u00f3mo deben responder las <strong>administraciones p\u00fablicas<\/strong> a estas necesidades y a la nueva realidad, qu\u00e9 medidas se deber\u00edan tomar en cuestiones de movilidad en ciudades, qu\u00e9 <strong>infraestructuras<\/strong> son y ser\u00e1n necesarias para hacer frente a la actual situaci\u00f3n y el papel del <strong>transporte p\u00fablico<\/strong> en todo este escenario.<\/p>\n<p>Puedes escuchar todo el an\u00e1lisis realizado Barre\u00f1a, Basozabal, Maguregi y Rueda en este enlace: <a href=\"https:\/\/www.eitb.eus\/es\/radio\/radio-euskadi\/programas\/ganbara\/detalle\/8093713\/la-pandemia-dispara-movilidad-sostenible-analisis-de-indicadores\/\" target=\"_blank\" rel=\"noopener nofollow\">\u201cLa pandemia dispara la movilidad sostenible: \u00bfApuesta puntual o cambio de tendencia?\u201d<\/a><\/p>\n","protected":false},"excerpt":{"rendered":"<p>Tal y como hemos comentado en otros posts, la pandemia ha tenido un gran reflejo en la movilidad sostenible. \u00bfPero c\u00f3mo ha afectado? \u00bfEs una apuesta puntual o un cambio de tendencia? Seg\u00fan los datos obtenidos durante los \u00faltimos meses,&#8230;<\/p>\n","protected":false},"author":7,"featured_media":0,"comment_status":"closed","ping_status":"closed","sticky":false,"template":"","format":"standard","meta":{"content-type":"","footnotes":""},"categories":[124],"tags":[1059,1058,694,263,264,449,1057,319,169,170],"class_list":["post-21947","post","type-post","status-publish","format-standard","hentry","category-noticias","tag-administraciones-publicas","tag-car-sharing","tag-covid-19","tag-movilidad","tag-movilidad-sostenible","tag-movilidad-y-transporte","tag-pandemia","tag-sergio-barrena","tag-transporte","tag-transporte-publico"],"_links":{"self":[{"href":"https:\/\/www.ingartek.com\/es\/wp-json\/wp\/v2\/posts\/21947","targetHints":{"allow":["GET"]}}],"collection":[{"href":"https:\/\/www.ingartek.com\/es\/wp-json\/wp\/v2\/posts"}],"about":[{"href":"https:\/\/www.ingartek.com\/es\/wp-json\/wp\/v2\/types\/post"}],"author":[{"embeddable":true,"href":"https:\/\/www.ingartek.com\/es\/wp-json\/wp\/v2\/users\/7"}],"replies":[{"embeddable":true,"href":"https:\/\/www.ingartek.com\/es\/wp-json\/wp\/v2\/comments?post=21947"}],"version-history":[{"count":0,"href":"https:\/\/www.ingartek.com\/es\/wp-json\/wp\/v2\/posts\/21947\/revisions"}],"wp:attachment":[{"href":"https:\/\/www.ingartek.com\/es\/wp-json\/wp\/v2\/media?parent=21947"}],"wp:term":[{"taxonomy":"category","embeddable":true,"href":"https:\/\/www.ingartek.com\/es\/wp-json\/wp\/v2\/categories?post=21947"},{"taxonomy":"post_tag","embeddable":true,"href":"https:\/\/www.ingartek.com\/es\/wp-json\/wp\/v2\/tags?post=21947"}],"curies":[{"name":"wp","href":"https:\/\/api.w.org\/{rel}","templated":true}]}}