{"id":21703,"date":"2021-04-22T10:34:23","date_gmt":"2021-04-22T09:34:23","guid":{"rendered":"https:\/\/www.ingartek.com\/?p=21703"},"modified":"2025-02-11T12:34:41","modified_gmt":"2025-02-11T11:34:41","slug":"webinar-sobre-la-electrificacion-de-la-movilidad-con-carlos-balado","status":"publish","type":"post","link":"https:\/\/www.ingartek.com\/es\/webinar-sobre-la-electrificacion-de-la-movilidad-con-carlos-balado\/","title":{"rendered":"Webinar sobre la electrificaci\u00f3n de la movilidad con Carlos Balado"},"content":{"rendered":"<p>El futuro nos depara nuevos retos de movilidad de cara a un futuro no muy lejano. Uno de los temas que m\u00e1s puede cambiar en los pr\u00f3ximos a\u00f1os es la <b>electrificaci\u00f3n de la movilidad<\/b>. En Ingartek vemos cada d\u00eda c\u00f3mo va cambiando esta realidad, y las inc\u00f3gnitas que encierra este tema.<\/p>\n<h4>El impacto de la electrificaci\u00f3n en las pol\u00edticas p\u00fablicas<\/h4>\n<p>Por eso, queremos aportar un poquito de luz al tema de la electrificaci\u00f3n de la movilidad, bas\u00e1ndonos, sobre todo, en nuestra propia <b>experiencia<\/b>. <b>Proyectos <\/b>desarrollados en diferentes municipios y ciudades nos han ense\u00f1ado que es necesario aclarar temas importantes al respecto.<\/p>\n<p>Por ello, hemos organizado un <b>webinar <\/b>donde, <a href=\"https:\/\/www.ingartek.com\/es\/quienes-somos\/#equipo\" target=\"_blank\" rel=\"noopener\">Carlos Balado<\/a>, matem\u00e1tico y socio fundador de Ingartek hablar\u00e1 sobre el impacto de la electrificaci\u00f3n en las <b>pol\u00edticas p\u00fablicas <\/b>y los retos que esto conllevar\u00e1 a la <b>administraci\u00f3n p\u00fablica<\/b> en lo que a infraestructuras se refiere.<\/p>\n<p>Balado expondr\u00e1 las <b>claves necesarias para entender el modelo de ciudad<\/b> que tendremos en un futuro muy pr\u00f3ximo y el modelo de <b>movilidad <\/b>que esto traer\u00e1 consigo, analizando la planificaci\u00f3n de la movilidad, las infraestructuras, los costes o el marco legal, entre otros aspectos.<\/p>\n<p>Estas ser\u00e1n algunas de las cuestiones que Balado aclarar\u00e1 en la ponencia:<\/p>\n<ul>\n<li aria-level=\"1\">\u00bfHacia qu\u00e9 modelo de ciudad o territorio avanzamos?<\/li>\n<li aria-level=\"1\">\u00bfQu\u00e9 modelo de movilidad queremos promover?<\/li>\n<li aria-level=\"1\">\u00bfC\u00f3mo y cu\u00e1ndo debemos empezar a planificar los cambios en la movilidad?<\/li>\n<li aria-level=\"1\">\u00bfQu\u00e9 costes y ahorros supondr\u00e1?<\/li>\n<li aria-level=\"1\">\u00bfBajo qu\u00e9 marco legal se deber\u00e1 hacer?<\/li>\n<li aria-level=\"1\">\u00bfQu\u00e9 infraestructuras ser\u00e1n necesarios?<\/li>\n<\/ul>\n<p>Te invitamos a participar en el webinar que celebraremos el <b>29 de abril, jueves,<\/b> <b>a partir de las 11:00<\/b>, mediante la plataforma Zoom. Tendr\u00e1 una duraci\u00f3n aproximada de una hora, donde t\u00fa tambi\u00e9n podr\u00e1s participar. Balado responder\u00e1 a las preguntas que se le expongan en el propio webinar.<\/p>\n<p>\u00a1Te esperamos!<\/p>\n<hr style=\"border-top: 1px solid #ccc;\" \/>\n<p style=\"text-align: center; font-size: 18px;\"><strong>Haz clic en el bot\u00f3n de abajo para apuntarte<\/strong><br \/>\nTe enviaremos por email el link y las instrucciones para conectarte<\/p>\n<p style=\"text-align: center;\"><span style=\"color: #993300;\"><strong>INSCR\u00cdBETE<\/strong><\/span><\/p>\n<hr style=\"border-top: 1px solid #993300;\" \/>\n<p><em>* Al inscribirte en el webinar est\u00e1s autorizando la recepci\u00f3n de noticias de Ingartek en tu email<\/em><\/p>\n","protected":false},"excerpt":{"rendered":"<p>El futuro nos depara nuevos retos de movilidad de cara a un futuro no muy lejano. Uno de los temas que m\u00e1s puede cambiar en los pr\u00f3ximos a\u00f1os es la electrificaci\u00f3n de la movilidad. En Ingartek vemos cada d\u00eda c\u00f3mo&#8230;<\/p>\n","protected":false},"author":7,"featured_media":0,"comment_status":"open","ping_status":"open","sticky":false,"template":"","format":"standard","meta":{"content-type":"","footnotes":""},"categories":[124,1979],"tags":[434,320,1039,263,264,170,1040,705],"class_list":["post-21703","post","type-post","status-publish","format-standard","hentry","category-noticias","category-webinar","tag-administracion-publica","tag-carlos-balado","tag-electrificacion-de-la-movilidad","tag-movilidad","tag-movilidad-sostenible","tag-transporte-publico","tag-vehiculos-privados","tag-webinar"],"_links":{"self":[{"href":"https:\/\/www.ingartek.com\/es\/wp-json\/wp\/v2\/posts\/21703","targetHints":{"allow":["GET"]}}],"collection":[{"href":"https:\/\/www.ingartek.com\/es\/wp-json\/wp\/v2\/posts"}],"about":[{"href":"https:\/\/www.ingartek.com\/es\/wp-json\/wp\/v2\/types\/post"}],"author":[{"embeddable":true,"href":"https:\/\/www.ingartek.com\/es\/wp-json\/wp\/v2\/users\/7"}],"replies":[{"embeddable":true,"href":"https:\/\/www.ingartek.com\/es\/wp-json\/wp\/v2\/comments?post=21703"}],"version-history":[{"count":0,"href":"https:\/\/www.ingartek.com\/es\/wp-json\/wp\/v2\/posts\/21703\/revisions"}],"wp:attachment":[{"href":"https:\/\/www.ingartek.com\/es\/wp-json\/wp\/v2\/media?parent=21703"}],"wp:term":[{"taxonomy":"category","embeddable":true,"href":"https:\/\/www.ingartek.com\/es\/wp-json\/wp\/v2\/categories?post=21703"},{"taxonomy":"post_tag","embeddable":true,"href":"https:\/\/www.ingartek.com\/es\/wp-json\/wp\/v2\/tags?post=21703"}],"curies":[{"name":"wp","href":"https:\/\/api.w.org\/{rel}","templated":true}]}}