{"id":21701,"date":"2021-04-26T08:00:54","date_gmt":"2021-04-26T07:00:54","guid":{"rendered":"https:\/\/www.ingartek.com\/?p=21701"},"modified":"2024-07-09T10:15:59","modified_gmt":"2024-07-09T09:15:59","slug":"nuevo-reto-para-la-administracion-publica-de-transporte","status":"publish","type":"post","link":"https:\/\/www.ingartek.com\/es\/nuevo-reto-para-la-administracion-publica-de-transporte\/","title":{"rendered":"Nuevo reto para la administraci\u00f3n p\u00fablica de transporte"},"content":{"rendered":"<p>La <b>administraci\u00f3n p\u00fablica de transporte<\/b> se enfrenta a cambios constantes. Las necesidades de los usuarios, la creaci\u00f3n de nuevas v\u00edas, la contaminaci\u00f3n o la expansi\u00f3n de las ciudades est\u00e1n detr\u00e1s de estas modificaciones. Hoy, el nuevo desaf\u00edo que tiene ante s\u00ed es la disminuci\u00f3n de pasajeros, personas que han cambiado el tren, el autob\u00fas o el metro por su <b>veh\u00edculo privado<\/b>. \u00bfPor qu\u00e9 se est\u00e1 dando esta situaci\u00f3n? \u00bfC\u00f3mo afrontar este obst\u00e1culo?<\/p>\n<h4>Covid-19. Otro desaf\u00edo para la administraci\u00f3n p\u00fablica de transporte<\/h4>\n<p>El nuevo reto para la administraci\u00f3n p\u00fablica de transporte tiene que ver con la <b>Covid-19<\/b>. Muchos pasajeros han reducido al m\u00ednimo sus desplazamientos. El cierre de negocios, los horarios de la hosteler\u00eda, las limitaciones de los aforos y una larga lista de cambios, han afectado la forma de moverse de las y los ciudadanos. Adem\u00e1s, a esto hay que a\u00f1adir las y los ciudadanos que han vuelto a utilizar sus veh\u00edculos particulares dejando de lado el <b>transporte p\u00fablico<\/b>.<\/p>\n<p>En algunas ciudades, como Madrid, el descenso de pasajeros en el transporte p\u00fablico ha sufrido un descenso del 50 %. Seg\u00fan el Consorcio Regional de Transportes de la comunidad, no se espera que la situaci\u00f3n recupere la normalidad hasta el 2023.<\/p>\n<p>El descenso en el n\u00famero de <b>pasajeros <\/b>que utilizan el transporte p\u00fablico, especialmente en aquellos horarios en los que la afluencia es m\u00ednima, plantea algunas dudas: \u00bfes necesario replantear los recorridos y los horarios? \u00bfSe puede potenciar de alguna manera el uso de lo p\u00fablico en lugar de lo privado? \u00bfSe debe ampliar el <b>espacio urbano transitable<\/b>?<\/p>\n<h4>Soluciones al problema del transporte p\u00fablico<\/h4>\n<p>Para enfrentarse a los nuevos retos, las poblaciones, sean grandes o peque\u00f1as, deben analizarse todas las posibilidades existentes. En Madrid, por ejemplo, la situaci\u00f3n es a\u00fan peor que en los meses m\u00e1s duros de la crisis econ\u00f3mica de 2014, afectando al tren, el metro, el bus y el sector del taxi.<\/p>\n<p>Para reactivar estos sectores, la Consejer\u00eda de Transporte de Madrid trabaja en mejorar las <b>medidas de seguridad y prevenci\u00f3n <\/b>y as\u00ed generar confianza entre los usuarios. Adem\u00e1s, ha creado una campa\u00f1a publicitaria, con el lema \u00ab<b>Volvamos a movernos en transporte p\u00fablico<\/b>\u00bb, que se podr\u00e1 ver en medios digitales, en la prensa escrita y tambi\u00e9n escuchar en la radio, as\u00ed como en la propia carteler\u00eda de sus marquesinas y estaciones.<\/p>\n<p>Por supuesto, para atraer a\u00fan m\u00e1s <b>usuarios <\/b>es importante hacerles atractivas estas alternativas. Estas deben incluir variedad de destinos, amplios horarios, confort y un recorrido r\u00e1pido. Las <b>consultoras de movilidad y transporte<\/b>, como <a href=\"https:\/\/www.ingartek.com\/es\/quienes-somos\/#que-nos-hace-diferentes\" target=\"_blank\" rel=\"noopener\">Ingartek<\/a>, cobran una vital importancia en estas circunstancias. Tienen los medios y los conocimientos necesarios para realizar <a href=\"https:\/\/www.ingartek.com\/es\/estudios-de-movilidad-y-trafico\/\" target=\"_blank\" rel=\"noopener\">estudios de tr\u00e1fico<\/a> y ofrecer alternativas reales que promuevan una <b>movilidad urbana sostenible<\/b> y eficiente.<\/p>\n<p>En <b>Ingartek<\/b> colaboramos con la administraci\u00f3n p\u00fablica de transporte. Realizamos estudios de densidad de tr\u00e1fico detallados y proponemos mejoras utilizando <a href=\"https:\/\/www.ingartek.com\/es\/productos\/\" target=\"_blank\" rel=\"noopener\">productos<\/a> inform\u00e1ticos avanzados. Nos encargamos de la planificaci\u00f3n urbana para organismos p\u00fablicos y privados, aportando las soluciones oportunas en cada caso.<\/p>\n","protected":false},"excerpt":{"rendered":"<p>La administraci\u00f3n p\u00fablica de transporte se enfrenta a cambios constantes. Las necesidades de los usuarios, la creaci\u00f3n de nuevas v\u00edas, la contaminaci\u00f3n o la expansi\u00f3n de las ciudades est\u00e1n detr\u00e1s de estas modificaciones. Hoy, el nuevo desaf\u00edo que tiene ante&#8230;<\/p>\n","protected":false},"author":7,"featured_media":0,"comment_status":"open","ping_status":"open","sticky":false,"template":"","format":"standard","meta":{"content-type":"","footnotes":""},"categories":[124],"tags":[434,1035,694,1016,764,425],"class_list":["post-21701","post","type-post","status-publish","format-standard","hentry","category-noticias","tag-administracion-publica","tag-consultorias-de-movilidad-y-transporte","tag-covid-19","tag-espacio-urbano-transitable","tag-garraio-publikoa-2","tag-movilidad-urbana-sostenible"],"_links":{"self":[{"href":"https:\/\/www.ingartek.com\/es\/wp-json\/wp\/v2\/posts\/21701","targetHints":{"allow":["GET"]}}],"collection":[{"href":"https:\/\/www.ingartek.com\/es\/wp-json\/wp\/v2\/posts"}],"about":[{"href":"https:\/\/www.ingartek.com\/es\/wp-json\/wp\/v2\/types\/post"}],"author":[{"embeddable":true,"href":"https:\/\/www.ingartek.com\/es\/wp-json\/wp\/v2\/users\/7"}],"replies":[{"embeddable":true,"href":"https:\/\/www.ingartek.com\/es\/wp-json\/wp\/v2\/comments?post=21701"}],"version-history":[{"count":0,"href":"https:\/\/www.ingartek.com\/es\/wp-json\/wp\/v2\/posts\/21701\/revisions"}],"wp:attachment":[{"href":"https:\/\/www.ingartek.com\/es\/wp-json\/wp\/v2\/media?parent=21701"}],"wp:term":[{"taxonomy":"category","embeddable":true,"href":"https:\/\/www.ingartek.com\/es\/wp-json\/wp\/v2\/categories?post=21701"},{"taxonomy":"post_tag","embeddable":true,"href":"https:\/\/www.ingartek.com\/es\/wp-json\/wp\/v2\/tags?post=21701"}],"curies":[{"name":"wp","href":"https:\/\/api.w.org\/{rel}","templated":true}]}}