{"id":21262,"date":"2020-11-23T09:25:06","date_gmt":"2020-11-23T07:25:06","guid":{"rendered":"https:\/\/www.ingartek.com\/?p=21262"},"modified":"2025-03-31T17:44:48","modified_gmt":"2025-03-31T16:44:48","slug":"conferencia-de-carlos-balado-sobre-la-movilidad-electrica-en-el-congreso-its-euskadi","status":"publish","type":"post","link":"https:\/\/www.ingartek.com\/es\/conferencia-de-carlos-balado-sobre-la-movilidad-electrica-en-el-congreso-its-euskadi\/","title":{"rendered":"Conferencia de Carlos Balado sobre la movilidad el\u00e9ctrica en el Congreso ITS Euskadi"},"content":{"rendered":"<p>Carlos Balado, socio de Ingartek, ofrecer\u00e1 una conferencia sobre la movilidad el\u00e9ctrica en el Congreso ITS Euskadi que se celebrar\u00e1 este jueves y viernes, v\u00eda online y en directo desde la C\u00e1mara de Gipuzkoa.<\/p>\n<h4>Desaf\u00edos a los que se enfrentan los municipios<\/h4>\n<p><a href=\"https:\/\/es.linkedin.com\/in\/movilidad-transporte?challengeId=AQHil-8PxY0uWQAAAXXwfXMT6JRPsXon5PGU-TqJTqfAF0V1F2FrI2cQF3XZ8E1ax1OwAduauSOOaPjSKRAoDNMo6T9FkJbmGg&amp;submissionId=50115925-d6dc-4916-3178-4a31269cc36a\" target=\"_blank\" rel=\"noopener noreferrer nofollow\">Carlos Balado<\/a> expondr\u00e1 los retos a los que se enfrentan los municipios ante el desaf\u00edo de la <strong>movilidad el\u00e9ctrica<\/strong>. Tomando como ejemplo el estudio realizado por <a href=\"https:\/\/www.ingartek.com\/es\/\" target=\"_blank\" rel=\"noopener noreferrer\">Ingartek<\/a> para la Mancomunidad de Urola Kosta, mostrar\u00e1 las necesidades actuales que tienen los municipios para desarrollar planes relacionados con la movilidad el\u00e9ctrica.<\/p>\n<p>Balado mostrar\u00e1 la evoluci\u00f3n de las matriculaciones de cara a 2030, as\u00ed como las tendencias que llegar\u00e1n durante este periodo en cuestiones de <strong>movilidad<\/strong>. En base a esos datos, mostrar\u00e1 como afectar\u00e1 la <strong>nueva movilidad<\/strong> en distintos sectores como la automoci\u00f3n y la movilidad, la energ\u00eda y los servicios, al sector p\u00fablico, a las empresas, al ocio y a la formaci\u00f3n.<\/p>\n<h4>Sistemas Inteligentes de Transporte<\/h4>\n<p>El congreso ITS Euskadi mostrar\u00e1 las novedades relaciones con los <strong>Sistemas Inteligentes de Transporte<\/strong>, donde se tratar\u00e1n temas como <strong>la gesti\u00f3n de la movilidad<\/strong> y de las infraestructuras, la <strong>electromovilidad<\/strong>, la <strong>movilidad de las personas<\/strong> y la movilidad aut\u00f3noma, la monitorizaci\u00f3n y la trazabilidad o los servicios cooperativos C-ITS, entre otros.<\/p>\n<p>El congreso busca promover el liderazgo en materia ITS del tejido industrial que representa, debatir sobre las \u00faltimas innovaciones sectoriales, intercambiar experiencias, promocionar un foro de difusi\u00f3n especialista y favorecer la cooperaci\u00f3n entre los participantes.<\/p>\n<p>Para inscribirse en el congreso solamente hay que enviar un email a <a href=\"mailto:mlcluster@mlcluster.com\">mlcluster@mlcluster.com<\/a>. La participaci\u00f3n tanto de las y los ponentes ser\u00e1 online, y la inscripci\u00f3n ser\u00e1 gratuita. Se puede consultar todo el programa en el siguiente enlace: <a href=\"https:\/\/issuu.com\/monicafanlo2\/docs\/programa_xi_congreso_its_euskadi_2020_v1\" target=\"_blank\" rel=\"noopener noreferrer nofollow\">Congreso ITS Euskadi 2020<\/a>.<\/p>\n<h4>Consultora e ingenier\u00eda de movilidad y transporte<\/h4>\n<p>Ingartek participar\u00e1 en el congreso como socio de ITS Euskadi y como <em>consultora e ingenier\u00eda de movilidad y transporte<\/em>. Con m\u00e1s de 15 a\u00f1os de experiencia, ofrecemos soluciones a las ciudades, a sus administraciones p\u00fablicas y a la ciudadan\u00eda para as\u00ed <strong>optimizar la gesti\u00f3n del transporte<\/strong>, la circulaci\u00f3n, la movilidad y la <strong>accesibilidad urbana<\/strong>.<\/p>\n<p>Dirigimos todos nuestros <a href=\"https:\/\/www.ingartek.com\/es\/servicios\/\" target=\"_blank\" rel=\"noopener noreferrer\">servicios<\/a> a conseguir un mundo que facilita la movilidad de la ciudadan\u00eda en sus desplazamientos.<\/p>\n<p><img loading=\"lazy\" decoding=\"async\" class=\"alignleft wp-image-21263 size-full\" src=\"https:\/\/www.ingartek.com\/wp-content\/uploads\/2020\/11\/ITS-newsletter.jpg\" alt=\"\" width=\"955\" height=\"251\" title=\"\" srcset=\"https:\/\/www.ingartek.com\/wp-content\/uploads\/2020\/11\/ITS-newsletter.jpg 955w, https:\/\/www.ingartek.com\/wp-content\/uploads\/2020\/11\/ITS-newsletter-300x79.jpg 300w, https:\/\/www.ingartek.com\/wp-content\/uploads\/2020\/11\/ITS-newsletter-768x202.jpg 768w, https:\/\/www.ingartek.com\/wp-content\/uploads\/2020\/11\/ITS-newsletter-700x184.jpg 700w\" sizes=\"auto, (max-width: 955px) 100vw, 955px\" \/><\/p>\n","protected":false},"excerpt":{"rendered":"<p>Carlos Balado, socio de Ingartek, ofrecer\u00e1 una conferencia sobre la movilidad el\u00e9ctrica en el Congreso ITS Euskadi que se celebrar\u00e1 este jueves y viernes, v\u00eda online y en directo desde la C\u00e1mara de Gipuzkoa. Desaf\u00edos a los que se enfrentan&#8230;<\/p>\n","protected":false},"author":7,"featured_media":0,"comment_status":"open","ping_status":"open","sticky":false,"template":"","format":"standard","meta":{"content-type":"","footnotes":""},"categories":[124],"tags":[403,317,999,690,263,670,997,264,449,998,407],"class_list":["post-21262","post","type-post","status-publish","format-standard","hentry","category-noticias","tag-accesibilidad-urbana","tag-cluster-de-movilidad-y-logistica","tag-electromovilidad","tag-gestion-del-transporte","tag-movilidad","tag-movilidad-de-las-personas","tag-movilidad-electrica","tag-movilidad-sostenible","tag-movilidad-y-transporte","tag-nueva-movilidad","tag-sistemas-inteligentes-de-transporte"],"_links":{"self":[{"href":"https:\/\/www.ingartek.com\/es\/wp-json\/wp\/v2\/posts\/21262","targetHints":{"allow":["GET"]}}],"collection":[{"href":"https:\/\/www.ingartek.com\/es\/wp-json\/wp\/v2\/posts"}],"about":[{"href":"https:\/\/www.ingartek.com\/es\/wp-json\/wp\/v2\/types\/post"}],"author":[{"embeddable":true,"href":"https:\/\/www.ingartek.com\/es\/wp-json\/wp\/v2\/users\/7"}],"replies":[{"embeddable":true,"href":"https:\/\/www.ingartek.com\/es\/wp-json\/wp\/v2\/comments?post=21262"}],"version-history":[{"count":0,"href":"https:\/\/www.ingartek.com\/es\/wp-json\/wp\/v2\/posts\/21262\/revisions"}],"wp:attachment":[{"href":"https:\/\/www.ingartek.com\/es\/wp-json\/wp\/v2\/media?parent=21262"}],"wp:term":[{"taxonomy":"category","embeddable":true,"href":"https:\/\/www.ingartek.com\/es\/wp-json\/wp\/v2\/categories?post=21262"},{"taxonomy":"post_tag","embeddable":true,"href":"https:\/\/www.ingartek.com\/es\/wp-json\/wp\/v2\/tags?post=21262"}],"curies":[{"name":"wp","href":"https:\/\/api.w.org\/{rel}","templated":true}]}}