{"id":20835,"date":"2020-07-14T07:15:58","date_gmt":"2020-07-14T05:15:58","guid":{"rendered":"https:\/\/www.ingartek.com\/?p=20835"},"modified":"2025-02-11T12:34:44","modified_gmt":"2025-02-11T11:34:44","slug":"ingartek-estara-hoy-en-el-congreso-espanol-sobre-sistemas-inteligentes-de-transporte","status":"publish","type":"post","link":"https:\/\/www.ingartek.com\/es\/ingartek-estara-hoy-en-el-congreso-espanol-sobre-sistemas-inteligentes-de-transporte\/","title":{"rendered":"Ingartek estar\u00e1 hoy en el Congreso Espa\u00f1ol sobre Sistemas Inteligentes de Transporte"},"content":{"rendered":"<p>Madrid acoger\u00e1 desde hoy y hasta el mi\u00e9rcoles la vig\u00e9sima edici\u00f3n del Congreso Espa\u00f1ol sobre Sistemas Inteligentes de Transporte bajo el t\u00edtulo \u201c<a href=\"https:\/\/www.itsspain.es\/\" target=\"_blank\" rel=\"noopener noreferrer nofollow\">ITS<\/a> as a Service, donde participar\u00e1 Ingartek. <a href=\"https:\/\/www.ingartek.com\/es\/quienes-somos\/#equipo\" target=\"_blank\" rel=\"noopener noreferrer\">Jose Viteri<\/a> hablar\u00e1 sobre las opciones para intentar responder al reto de la <b>movilidad sostenible<\/b> en nuestras ciudades. La ponencia ser\u00e1 hoy, entre las 17:30 y las 19:00, en CL-104, dentro del bloque titulado \u201cTendencias en la log\u00edstica en el transporte de personas y sus mercanc\u00edas\u201d.<\/p>\n<h4>La nueva normalidad en el transporte urbano<\/h4>\n<p>La crisis sanitaria, econ\u00f3mica y social que vivimos actualmente nos ha puesto en la encrucijada de decidir el futuro de las pr\u00f3ximas d\u00e9cadas en funci\u00f3n del camino que tomemos ahora. As\u00ed lo expusimos en el <a href=\"https:\/\/www.ingartek.com\/es\/lecciones-del-presente-para-abordar-la-nueva-movilidad-en-el-transporte-publico-urbano-y-metropolitano\/\" target=\"_blank\" rel=\"noopener noreferrer\">webinar<\/a> que desde Ingartek ofrecimos en mayo sobre las <b>lecciones del presente para abordar la nueva movilidad en el transporte p\u00fablico urbano y metropolitano. <\/b>En el mismo, <a href=\"https:\/\/www.ingartek.com\/es\/quienes-somos\/#equipo\" target=\"_blank\" rel=\"noopener noreferrer\">Sergio Barre\u00f1a<\/a>, <a href=\"https:\/\/www.ingartek.com\/es\/quienes-somos\/#equipo\" target=\"_blank\" rel=\"noopener noreferrer\">Susana Alarcon<\/a>, ambos miembros de <a href=\"https:\/\/www.ingartek.com\/es\/quienes-somos\/#que-nos-hace-diferentes\" target=\"_blank\" rel=\"noopener noreferrer\">Ingartek<\/a>, y Carlos Cristobal Pinto, experto en transporte p\u00fablico y movilidad sostenible, compartimos algunas reflexiones sobre las caracter\u00edsticas, los retos y las oportunidades que afrontan los departamentos de movilidad en el nuevo escenario que se presenta.<\/p>\n<p>Uno de los grandes retos de la sociedad actual es <b>reducir el impacto causado por el exceso de veh\u00edculos en las v\u00edas urbanas y periurbanas<\/b>. Analizar c\u00f3mo <b>optimizar el servicio de transporte urbano<\/b>, c\u00f3mo disminuir el impacto medioambiental y c\u00f3mo reducir e internalizar los costes para desarrollar m\u00e9todos de transporte eficientes ser\u00e1 fundamental para alcanzar ese gran reto. Estudiar la movilidad y el tr\u00e1fico de un territorio es la base para determinar las decisiones a tomar mediante auditor\u00edas concretas.<\/p>\n<p>En <a href=\"https:\/\/www.ingartek.com\/es\/\" target=\"_blank\" rel=\"noopener noreferrer\">Ingartek<\/a> elaboramos modelizaciones de la <b>movilidad<\/b>, estudios de impacto o simulaciones que ayudan a optimizar los <b>recursos <\/b>y asegurar la satisfacci\u00f3n de los <b>usuarios<\/b>. Partiendo de esta premisa, Jose Viteri expondr\u00e1 en el Congreso ITS un boceto de las pol\u00edticas, buenas pr\u00e1cticas y actuaciones que pueden adoptar nuestras ciudades para caminar hacia horizontes de mayor sostenibilidad en el \u00e1mbito de la movilidad y el transporte.<\/p>\n","protected":false},"excerpt":{"rendered":"<p>Madrid acoger\u00e1 desde hoy y hasta el mi\u00e9rcoles la vig\u00e9sima edici\u00f3n del Congreso Espa\u00f1ol sobre Sistemas Inteligentes de Transporte bajo el t\u00edtulo \u201cITS as a Service, donde participar\u00e1 Ingartek. Jose Viteri hablar\u00e1 sobre las opciones para intentar responder al reto&#8230;<\/p>\n","protected":false},"author":7,"featured_media":0,"comment_status":"open","ping_status":"open","sticky":false,"template":"","format":"standard","meta":{"content-type":"","footnotes":""},"categories":[124,1979],"tags":[315,406,719,263,264,385,407,636],"class_list":["post-20835","post","type-post","status-publish","format-standard","hentry","category-noticias","category-webinar","tag-congreso","tag-its","tag-jose-viteri","tag-movilidad","tag-movilidad-sostenible","tag-movilidad-urbana","tag-sistemas-inteligentes-de-transporte","tag-transporte-urbano"],"_links":{"self":[{"href":"https:\/\/www.ingartek.com\/es\/wp-json\/wp\/v2\/posts\/20835","targetHints":{"allow":["GET"]}}],"collection":[{"href":"https:\/\/www.ingartek.com\/es\/wp-json\/wp\/v2\/posts"}],"about":[{"href":"https:\/\/www.ingartek.com\/es\/wp-json\/wp\/v2\/types\/post"}],"author":[{"embeddable":true,"href":"https:\/\/www.ingartek.com\/es\/wp-json\/wp\/v2\/users\/7"}],"replies":[{"embeddable":true,"href":"https:\/\/www.ingartek.com\/es\/wp-json\/wp\/v2\/comments?post=20835"}],"version-history":[{"count":0,"href":"https:\/\/www.ingartek.com\/es\/wp-json\/wp\/v2\/posts\/20835\/revisions"}],"wp:attachment":[{"href":"https:\/\/www.ingartek.com\/es\/wp-json\/wp\/v2\/media?parent=20835"}],"wp:term":[{"taxonomy":"category","embeddable":true,"href":"https:\/\/www.ingartek.com\/es\/wp-json\/wp\/v2\/categories?post=20835"},{"taxonomy":"post_tag","embeddable":true,"href":"https:\/\/www.ingartek.com\/es\/wp-json\/wp\/v2\/tags?post=20835"}],"curies":[{"name":"wp","href":"https:\/\/api.w.org\/{rel}","templated":true}]}}